{"id":8455,"date":"2026-04-29T15:44:03","date_gmt":"2026-04-29T18:44:03","guid":{"rendered":"https:\/\/www.sodf.org.br\/wordpress\/?p=8455"},"modified":"2026-04-29T15:44:03","modified_gmt":"2026-04-29T18:44:03","slug":"sodf-realiza-assembleia-de-prestacao-de-contas","status":"publish","type":"post","link":"https:\/\/www.sodf.org.br\/wordpress\/sodf-realiza-assembleia-de-prestacao-de-contas\/","title":{"rendered":"SODF realiza assembleia de presta\u00e7\u00e3o de contas"},"content":{"rendered":"<p style=\"text-align: justify;\">O Sindicato dos Odontologistas do Distrito Federal (SODF) realizou, nesta ter\u00e7a-feira (28), a assembleia de presta\u00e7\u00e3o de contas referente ao exerc\u00edcio de 2025, destinada aos seus filiados.<\/p>\n<p style=\"text-align: justify;\">Durante a reuni\u00e3o, presidida pelo tesoureiro do SODF, Jos\u00e9 Arnaldo, foram apresentados de forma detalhada todos os dados financeiros da entidade, incluindo despesas com folha de pagamento, custos administrativos, investimentos realizados, al\u00e9m das receitas provenientes das mensalidades dos filiados e da loca\u00e7\u00e3o do audit\u00f3rio.<\/p>\n<p style=\"text-align: justify;\">A maior parcela das despesas permanece sendo a \u00e1rea administrativa, que corresponde a 60% dos gastos totais. No entanto, em compara\u00e7\u00e3o com o exerc\u00edcio de 2024, foi registrada uma economia de aproximadamente 20%, demonstrando o compromisso da gest\u00e3o com a responsabilidade e a efici\u00eancia na aplica\u00e7\u00e3o dos recursos.<\/p>\n<p style=\"text-align: justify;\">Os valores arrecadados pelo SODF permanecem aplicados, gerando rendimento para a entidade. Cabe destacar que os investimentos anteriormente mantidos no Banco de Bras\u00edlia (BRB) foram retirados e transferidos para a Caixa Econ\u00f4mica Federal, visando manter a seguran\u00e7a das aplica\u00e7\u00f5es financeiras.<\/p>\n<p style=\"text-align: justify;\">A presta\u00e7\u00e3o de contas referente ao exerc\u00edcio de 2025 estar\u00e1 dispon\u00edvel para consulta no site oficial do sindicato em breve.<\/p>\n","protected":false},"excerpt":{"rendered":"<p>O Sindicato dos Odontologistas do Distrito Federal (SODF) realizou, nesta ter\u00e7a-feira (28), a assembleia de presta\u00e7\u00e3o de contas referente ao exerc\u00edcio de 2025, destinada aos seus filiados. Durante a reuni\u00e3o, presidida pelo tesoureiro do SODF, Jos\u00e9 Arnaldo, foram apresentados de forma detalhada todos os dados financeiros da entidade, incluindo despesas com folha de pagamento, custos [&hellip;]<\/p>\n","protected":false},"author":4,"featured_media":8456,"comment_status":"open","ping_status":"open","sticky":false,"template":"","format":"standard","meta":{"footnotes":""},"categories":[4],"tags":[],"class_list":["post-8455","post","type-post","status-publish","format-standard","has-post-thumbnail","hentry","category-noticias"],"post_mailing_queue_ids":[],"_links":{"self":[{"href":"https:\/\/www.sodf.org.br\/wordpress\/wp-json\/wp\/v2\/posts\/8455","targetHints":{"allow":["GET"]}}],"collection":[{"href":"https:\/\/www.sodf.org.br\/wordpress\/wp-json\/wp\/v2\/posts"}],"about":[{"href":"https:\/\/www.sodf.org.br\/wordpress\/wp-json\/wp\/v2\/types\/post"}],"author":[{"embeddable":true,"href":"https:\/\/www.sodf.org.br\/wordpress\/wp-json\/wp\/v2\/users\/4"}],"replies":[{"embeddable":true,"href":"https:\/\/www.sodf.org.br\/wordpress\/wp-json\/wp\/v2\/comments?post=8455"}],"version-history":[{"count":1,"href":"https:\/\/www.sodf.org.br\/wordpress\/wp-json\/wp\/v2\/posts\/8455\/revisions"}],"predecessor-version":[{"id":8457,"href":"https:\/\/www.sodf.org.br\/wordpress\/wp-json\/wp\/v2\/posts\/8455\/revisions\/8457"}],"wp:featuredmedia":[{"embeddable":true,"href":"https:\/\/www.sodf.org.br\/wordpress\/wp-json\/wp\/v2\/media\/8456"}],"wp:attachment":[{"href":"https:\/\/www.sodf.org.br\/wordpress\/wp-json\/wp\/v2\/media?parent=8455"}],"wp:term":[{"taxonomy":"category","embeddable":true,"href":"https:\/\/www.sodf.org.br\/wordpress\/wp-json\/wp\/v2\/categories?post=8455"},{"taxonomy":"post_tag","embeddable":true,"href":"https:\/\/www.sodf.org.br\/wordpress\/wp-json\/wp\/v2\/tags?post=8455"}],"curies":[{"name":"wp","href":"https:\/\/api.w.org\/{rel}","templated":true}]}}