{"id":8452,"date":"2026-04-29T12:50:56","date_gmt":"2026-04-29T15:50:56","guid":{"rendered":"https:\/\/www.sodf.org.br\/wordpress\/?p=8452"},"modified":"2026-04-29T12:50:56","modified_gmt":"2026-04-29T15:50:56","slug":"guia-de-cuidado-integral-a-saude-bucal-da-pessoa-com-deficiencia","status":"publish","type":"post","link":"https:\/\/www.sodf.org.br\/wordpress\/guia-de-cuidado-integral-a-saude-bucal-da-pessoa-com-deficiencia\/","title":{"rendered":"Guia de Cuidado Integral \u00e0 Sa\u00fade Bucal da Pessoa com Defici\u00eancia"},"content":{"rendered":"<p data-start=\"508\" data-end=\"761\">O Minist\u00e9rio da Sa\u00fade disponibilizou para <strong data-start=\"194\" data-end=\"214\">Consulta P\u00fablica<\/strong> o <strong data-start=\"217\" data-end=\"285\">Guia de Cuidado Integral \u00e0 Sa\u00fade Bucal da Pessoa com Defici\u00eancia<\/strong>, documento que orienta a organiza\u00e7\u00e3o do cuidado no SUS com base nos princ\u00edpios da <strong data-start=\"368\" data-end=\"412\">integralidade, equidade e acessibilidade<\/strong>.<\/p>\n<p>A constru\u00e7\u00e3o do guia contou com a participa\u00e7\u00e3o de profissionais de diversas regi\u00f5es do Brasil. Entre eles, destacam-se cirurgi\u00f5es-dentistas da <strong data-start=\"651\" data-end=\"704\">Secretaria de Estado de Sa\u00fade do Distrito Federal<\/strong>, que tamb\u00e9m contribu\u00edram para a elabora\u00e7\u00e3o do documento:<\/p>\n<p data-start=\"763\" data-end=\"863\">\u2022 Fabiana Montandon<br data-start=\"782\" data-end=\"785\" \/>\u2022 Nicole Aim\u00e9e<br data-start=\"799\" data-end=\"802\" \/>\u2022 Raquel Gomes<br data-start=\"816\" data-end=\"819\" \/>\u2022 Tatiana Degani<br data-start=\"835\" data-end=\"838\" \/>\u2022 Luiz Guilherme Loivos<\/p>\n<p data-start=\"865\" data-end=\"1015\">Esses profissionais atuam diariamente no cuidado \u00e0 pessoa com defici\u00eancia, contribuindo com conhecimento t\u00e9cnico, sensibilidade e experi\u00eancia pr\u00e1tica.<\/p>\n<p data-start=\"1017\" data-end=\"1056\">\u2728 <strong data-start=\"1019\" data-end=\"1056\">Toda a sociedade pode contribuir.<\/strong><\/p>\n<p data-start=\"1058\" data-end=\"1352\">A participa\u00e7\u00e3o social \u00e9 fundamental para qualificar o cuidado em sa\u00fade bucal, fortalecendo pr\u00e1ticas inclusivas, o enfrentamento das barreiras de acesso e a constru\u00e7\u00e3o de uma rede de aten\u00e7\u00e3o que respeite as singularidades das pessoas com defici\u00eancia, bem como de seus familiares e cuidadores. \ud83d\udc99<\/p>\n<p data-start=\"1354\" data-end=\"1448\">\ud83d\uddd3\ufe0f <strong data-start=\"1358\" data-end=\"1386\">Per\u00edodo de participa\u00e7\u00e3o:<\/strong> 27\/04\/2026 a 11\/05\/2026<\/p>\n<p data-start=\"1450\" data-end=\"1593\"><strong data-start=\"1450\" data-end=\"1470\">Como contribuir:<\/strong><br data-start=\"1470\" data-end=\"1473\" \/>\u27a1\ufe0f Envie sua sugest\u00e3o por meio do formul\u00e1rio eletr\u00f4nico dispon\u00edvel na p\u00e1gina da consulta p\u00fablica do Minist\u00e9rio da Sa\u00fade.<\/p>\n<p data-start=\"1595\" data-end=\"1716\">\ud83d\udce3 Participe, compartilhe e contribua para o fortalecimento do SUS e da Rede de Cuidados \u00e0 Pessoa com Defici\u00eancia! \ud83c\udf1f\ud83d\udcda\ud83d\udcaa<\/p>\n<p data-start=\"1718\" data-end=\"2113\">\ud83d\udd17 Confira e envie sua contribui\u00e7\u00e3o no site do Minist\u00e9rio da Sa\u00fade. <a href=\"https:\/\/www.gov.br\/saude\/pt-br\/acesso-a-informacao\/participacao-social\/consultas-publicas\/2026\/revisao-e-atualizacao-do-guia-de-cuidado-integral-a-saude-bucal-da-pessoa-com-deficiencia\/revisao-e-atualizacao-do-guia-de-cuidado-integral-a-saude-bucal-da-pessoa-com-deficiencia?utm_source=chatgpt.com\">Clique aqui<\/a>.<\/p>\n","protected":false},"excerpt":{"rendered":"<p>O Minist\u00e9rio da Sa\u00fade disponibilizou para Consulta P\u00fablica o Guia de Cuidado Integral \u00e0 Sa\u00fade Bucal da Pessoa com Defici\u00eancia, documento que orienta a organiza\u00e7\u00e3o do cuidado no SUS com base nos princ\u00edpios da integralidade, equidade e acessibilidade. A constru\u00e7\u00e3o do guia contou com a participa\u00e7\u00e3o de profissionais de diversas regi\u00f5es do Brasil. Entre eles, [&hellip;]<\/p>\n","protected":false},"author":4,"featured_media":8453,"comment_status":"open","ping_status":"open","sticky":false,"template":"","format":"standard","meta":{"footnotes":""},"categories":[4],"tags":[],"class_list":["post-8452","post","type-post","status-publish","format-standard","has-post-thumbnail","hentry","category-noticias"],"post_mailing_queue_ids":[],"_links":{"self":[{"href":"https:\/\/www.sodf.org.br\/wordpress\/wp-json\/wp\/v2\/posts\/8452","targetHints":{"allow":["GET"]}}],"collection":[{"href":"https:\/\/www.sodf.org.br\/wordpress\/wp-json\/wp\/v2\/posts"}],"about":[{"href":"https:\/\/www.sodf.org.br\/wordpress\/wp-json\/wp\/v2\/types\/post"}],"author":[{"embeddable":true,"href":"https:\/\/www.sodf.org.br\/wordpress\/wp-json\/wp\/v2\/users\/4"}],"replies":[{"embeddable":true,"href":"https:\/\/www.sodf.org.br\/wordpress\/wp-json\/wp\/v2\/comments?post=8452"}],"version-history":[{"count":1,"href":"https:\/\/www.sodf.org.br\/wordpress\/wp-json\/wp\/v2\/posts\/8452\/revisions"}],"predecessor-version":[{"id":8454,"href":"https:\/\/www.sodf.org.br\/wordpress\/wp-json\/wp\/v2\/posts\/8452\/revisions\/8454"}],"wp:featuredmedia":[{"embeddable":true,"href":"https:\/\/www.sodf.org.br\/wordpress\/wp-json\/wp\/v2\/media\/8453"}],"wp:attachment":[{"href":"https:\/\/www.sodf.org.br\/wordpress\/wp-json\/wp\/v2\/media?parent=8452"}],"wp:term":[{"taxonomy":"category","embeddable":true,"href":"https:\/\/www.sodf.org.br\/wordpress\/wp-json\/wp\/v2\/categories?post=8452"},{"taxonomy":"post_tag","embeddable":true,"href":"https:\/\/www.sodf.org.br\/wordpress\/wp-json\/wp\/v2\/tags?post=8452"}],"curies":[{"name":"wp","href":"https:\/\/api.w.org\/{rel}","templated":true}]}}