{"id":8444,"date":"2026-04-23T08:26:59","date_gmt":"2026-04-23T11:26:59","guid":{"rendered":"https:\/\/www.sodf.org.br\/wordpress\/?p=8444"},"modified":"2026-04-23T08:34:13","modified_gmt":"2026-04-23T11:34:13","slug":"edital-de-convocacao-assembleia-geral-ordinaria","status":"publish","type":"post","link":"https:\/\/www.sodf.org.br\/wordpress\/edital-de-convocacao-assembleia-geral-ordinaria\/","title":{"rendered":"Edital de Convoca\u00e7\u00e3o \u2013 Assembleia Geral Ordin\u00e1ria"},"content":{"rendered":"<p style=\"text-align: start;\"><span style=\"color: #222222; font-family: Verdana, Geneva, sans-serif;\"><span style=\"font-size: 15px; font-style: normal; text-transform: none;\">O Sindicato dos Odontologistas do Distrito Federal (SODF) publicou edital de convoca\u00e7\u00e3o para a realiza\u00e7\u00e3o de Assembleia Geral Ordin\u00e1ria, destinada \u00e0 aprecia\u00e7\u00e3o da presta\u00e7\u00e3o de contas referente ao exerc\u00edcio de 2025, bem como \u00e0 delibera\u00e7\u00e3o sobre a proposta or\u00e7ament\u00e1ria para o ano de 2026.<\/span><\/span><\/p>\n<blockquote>\n<p style=\"text-align: start;\"><span style=\"color: #222222; font-family: Verdana, Geneva, sans-serif;\"><span style=\"font-size: 15px; font-style: normal; text-transform: none;\">A assembleia ser\u00e1 realizada no dia 28 <\/span><\/span><span style=\"color: #222222; font-family: Verdana, Geneva, sans-serif;\"><span style=\"font-size: 15px; font-style: normal; text-transform: none;\"> abril de 2026, no Centro Empresarial Liberty Mall, em Bras\u00edlia, com in\u00edcio \u00e0s 19h em primeira convoca\u00e7\u00e3o e \u00e0s 19h30 emDDDooi segunda convoca\u00e7\u00e3o.<\/span><\/span><\/p>\n<p style=\"text-align: start;\"><span style=\"color: #222222; font-family: Verdana, Geneva, sans-serif;\"><span style=\"font-size: 15px; font-style: normal; text-transform: none;\">A presen\u00e7a dos cirurgi\u00f5es-dentistas filiados \u00e9 essencial para garantir a transpar\u00eancia na gest\u00e3o e a participa\u00e7\u00e3o ativa nas decis\u00f5es da entidade.<\/span><\/span><\/p>\n<p style=\"text-align: start;\"><span style=\"color: #222222; font-family: Verdana, Geneva, sans-serif;\"><span style=\"font-size: 15px; font-style: normal; text-transform: none;\"><a href=\"https:\/\/www.sodf.org.br\/wordpress\/wp-content\/uploads\/2026\/04\/DODF-Edital-de-convocacao-AGO-prestacao-de-contas.pdf\" target=\"_blank\" rel=\"noopener\">Edital de convoca\u00e7\u00e3o DODF<\/a><\/span><\/span><\/p>\n<p style=\"text-align: start;\"><span style=\"color: #222222; font-family: Verdana, Geneva, sans-serif;\"><span style=\"font-size: 15px; font-style: normal; text-transform: none;\"><a href=\"https:\/\/www.sodf.org.br\/wordpress\/wp-content\/uploads\/2026\/04\/JBr-Edital-AGO-prestacao-de-contas17_PAG_27.pdf\" target=\"_blank\" rel=\"noopener\">JBr Edital presta\u00e7\u00e3o de contas<\/a><\/span><\/span><\/p>\n<p style=\"text-align: left;\">\n<\/blockquote>\n","protected":false},"excerpt":{"rendered":"<p>O Sindicato dos Odontologistas do Distrito Federal (SODF) publicou edital de convoca\u00e7\u00e3o para a realiza\u00e7\u00e3o de Assembleia Geral Ordin\u00e1ria, destinada \u00e0 aprecia\u00e7\u00e3o da presta\u00e7\u00e3o de contas referente ao exerc\u00edcio de 2025, bem como \u00e0 delibera\u00e7\u00e3o sobre a proposta or\u00e7ament\u00e1ria para o ano de 2026. A assembleia ser\u00e1 realizada no dia 28 abril de 2026, no [&hellip;]<\/p>\n","protected":false},"author":4,"featured_media":8447,"comment_status":"open","ping_status":"open","sticky":false,"template":"","format":"standard","meta":{"footnotes":""},"categories":[4],"tags":[],"class_list":["post-8444","post","type-post","status-publish","format-standard","has-post-thumbnail","hentry","category-noticias"],"post_mailing_queue_ids":[],"_links":{"self":[{"href":"https:\/\/www.sodf.org.br\/wordpress\/wp-json\/wp\/v2\/posts\/8444","targetHints":{"allow":["GET"]}}],"collection":[{"href":"https:\/\/www.sodf.org.br\/wordpress\/wp-json\/wp\/v2\/posts"}],"about":[{"href":"https:\/\/www.sodf.org.br\/wordpress\/wp-json\/wp\/v2\/types\/post"}],"author":[{"embeddable":true,"href":"https:\/\/www.sodf.org.br\/wordpress\/wp-json\/wp\/v2\/users\/4"}],"replies":[{"embeddable":true,"href":"https:\/\/www.sodf.org.br\/wordpress\/wp-json\/wp\/v2\/comments?post=8444"}],"version-history":[{"count":3,"href":"https:\/\/www.sodf.org.br\/wordpress\/wp-json\/wp\/v2\/posts\/8444\/revisions"}],"predecessor-version":[{"id":8450,"href":"https:\/\/www.sodf.org.br\/wordpress\/wp-json\/wp\/v2\/posts\/8444\/revisions\/8450"}],"wp:featuredmedia":[{"embeddable":true,"href":"https:\/\/www.sodf.org.br\/wordpress\/wp-json\/wp\/v2\/media\/8447"}],"wp:attachment":[{"href":"https:\/\/www.sodf.org.br\/wordpress\/wp-json\/wp\/v2\/media?parent=8444"}],"wp:term":[{"taxonomy":"category","embeddable":true,"href":"https:\/\/www.sodf.org.br\/wordpress\/wp-json\/wp\/v2\/categories?post=8444"},{"taxonomy":"post_tag","embeddable":true,"href":"https:\/\/www.sodf.org.br\/wordpress\/wp-json\/wp\/v2\/tags?post=8444"}],"curies":[{"name":"wp","href":"https:\/\/api.w.org\/{rel}","templated":true}]}}