{"id":8383,"date":"2026-03-13T12:47:34","date_gmt":"2026-03-13T15:47:34","guid":{"rendered":"https:\/\/www.sodf.org.br\/wordpress\/?p=8383"},"modified":"2026-03-30T10:11:25","modified_gmt":"2026-03-30T13:11:25","slug":"8383-2","status":"publish","type":"post","link":"https:\/\/www.sodf.org.br\/wordpress\/8383-2\/","title":{"rendered":"A\u00f5es do Programa Sa\u00fade na Escola (PSE) na Escola Classe do Cap\u00e3o Seco!"},"content":{"rendered":"<p>Hoje iniciamos as a\u00e7\u00f5es do Programa Sa\u00fade na Escola (PSE) na Escola Classe do Cap\u00e3o Seco!<\/p>\n<p>A atividade \u00e9 realizada pela equipe da UBS 08 do Parano\u00e1 (zona rural), levando educa\u00e7\u00e3o em sa\u00fade bucal para os estudantes por meio de atividades educativas e l\u00fadicas.<\/p>\n<p>Os alunos participaram de apresenta\u00e7\u00e3o com fantoches, roda de conversa sobre cuidados com a sa\u00fade bucal, al\u00e9m da entrega de kits de higiene e escova\u00e7\u00e3o supervisionada com fl\u00faor. Ao longo do dia, as atividades seguem promovendo orienta\u00e7\u00e3o, preven\u00e7\u00e3o e incentivo a h\u00e1bitos saud\u00e1veis desde a inf\u00e2ncia, refor\u00e7ando a import\u00e2ncia dos cuidados com a sa\u00fade bucal no ambiente escolar.<\/p>\n<p>Educar para prevenir \u00e9 cuidar do futuro!<\/p>\n<p><a style=\"text-decoration-line: underline;\" href=\"https:\/\/www.sodf.org.br\/wordpress\/8383-2\/c29c5c28-a796-4390-87d3-1e7a897dca21\/\" rel=\"attachment wp-att-8385\"><img decoding=\"async\" class=\" wp-image-8385 alignleft\" src=\"https:\/\/www.sodf.org.br\/wordpress\/wp-content\/uploads\/2026\/03\/c29c5c28-a796-4390-87d3-1e7a897dca21-150x150.jpeg\" alt=\"\" width=\"126\" height=\"126\" \/><\/a><a href=\"https:\/\/www.sodf.org.br\/wordpress\/8383-2\/910484f1-8953-4304-a758-c4ccbabeea7d\/\" rel=\"attachment wp-att-8388\"><img decoding=\"async\" class=\"wp-image-8388 alignleft\" src=\"https:\/\/www.sodf.org.br\/wordpress\/wp-content\/uploads\/2026\/03\/910484f1-8953-4304-a758-c4ccbabeea7d-150x150.jpeg\" alt=\"\" width=\"122\" height=\"122\" \/><\/a><img decoding=\"async\" class=\" wp-image-8386 alignleft\" src=\"https:\/\/www.sodf.org.br\/wordpress\/wp-content\/uploads\/2026\/03\/912b0fef-eead-4f19-8cae-765a819d0ccc-150x150.jpeg\" alt=\"\" width=\"127\" height=\"127\" \/><u><img loading=\"lazy\" decoding=\"async\" class=\" wp-image-8387 alignleft\" src=\"https:\/\/www.sodf.org.br\/wordpress\/wp-content\/uploads\/2026\/03\/5bb72f5f-9f13-4a21-b7a6-207e1e48f60d-150x150.jpeg\" alt=\"\" width=\"124\" height=\"124\" \/><\/u><\/p>\n<p>&nbsp;<\/p>\n<p>&nbsp;<\/p>\n","protected":false},"excerpt":{"rendered":"<p>Hoje iniciamos as a\u00e7\u00f5es do Programa Sa\u00fade na Escola (PSE) na Escola Classe do Cap\u00e3o Seco! A atividade \u00e9 realizada pela equipe da UBS 08 do Parano\u00e1 (zona rural), levando educa\u00e7\u00e3o em sa\u00fade bucal para os estudantes por meio de atividades educativas e l\u00fadicas. Os alunos participaram de apresenta\u00e7\u00e3o com fantoches, roda de conversa sobre [&hellip;]<\/p>\n","protected":false},"author":4,"featured_media":8384,"comment_status":"open","ping_status":"open","sticky":false,"template":"","format":"standard","meta":{"footnotes":""},"categories":[4],"tags":[],"class_list":["post-8383","post","type-post","status-publish","format-standard","has-post-thumbnail","hentry","category-noticias"],"post_mailing_queue_ids":[],"_links":{"self":[{"href":"https:\/\/www.sodf.org.br\/wordpress\/wp-json\/wp\/v2\/posts\/8383","targetHints":{"allow":["GET"]}}],"collection":[{"href":"https:\/\/www.sodf.org.br\/wordpress\/wp-json\/wp\/v2\/posts"}],"about":[{"href":"https:\/\/www.sodf.org.br\/wordpress\/wp-json\/wp\/v2\/types\/post"}],"author":[{"embeddable":true,"href":"https:\/\/www.sodf.org.br\/wordpress\/wp-json\/wp\/v2\/users\/4"}],"replies":[{"embeddable":true,"href":"https:\/\/www.sodf.org.br\/wordpress\/wp-json\/wp\/v2\/comments?post=8383"}],"version-history":[{"count":10,"href":"https:\/\/www.sodf.org.br\/wordpress\/wp-json\/wp\/v2\/posts\/8383\/revisions"}],"predecessor-version":[{"id":8410,"href":"https:\/\/www.sodf.org.br\/wordpress\/wp-json\/wp\/v2\/posts\/8383\/revisions\/8410"}],"wp:featuredmedia":[{"embeddable":true,"href":"https:\/\/www.sodf.org.br\/wordpress\/wp-json\/wp\/v2\/media\/8384"}],"wp:attachment":[{"href":"https:\/\/www.sodf.org.br\/wordpress\/wp-json\/wp\/v2\/media?parent=8383"}],"wp:term":[{"taxonomy":"category","embeddable":true,"href":"https:\/\/www.sodf.org.br\/wordpress\/wp-json\/wp\/v2\/categories?post=8383"},{"taxonomy":"post_tag","embeddable":true,"href":"https:\/\/www.sodf.org.br\/wordpress\/wp-json\/wp\/v2\/tags?post=8383"}],"curies":[{"name":"wp","href":"https:\/\/api.w.org\/{rel}","templated":true}]}}