{"id":8376,"date":"2026-03-04T19:12:24","date_gmt":"2026-03-04T22:12:24","guid":{"rendered":"https:\/\/www.sodf.org.br\/wordpress\/?p=8376"},"modified":"2026-03-05T08:16:26","modified_gmt":"2026-03-05T11:16:26","slug":"nomeacao-de-40-cirurgioes-dentistas-reforca-saude-publica-no-distrito-federal","status":"publish","type":"post","link":"https:\/\/www.sodf.org.br\/wordpress\/nomeacao-de-40-cirurgioes-dentistas-reforca-saude-publica-no-distrito-federal\/","title":{"rendered":"Nomea\u00e7\u00e3o de 40 cirurgi\u00f5es-dentistas refor\u00e7a sa\u00fade p\u00fablica no Distrito Federal"},"content":{"rendered":"<p data-start=\"83\" data-end=\"490\">O an\u00fancio da nomea\u00e7\u00e3o de <strong data-start=\"108\" data-end=\"175\">40 cirurgi\u00f5es-dentistas para a rede p\u00fablica do Distrito Federal<\/strong> representa um importante avan\u00e7o para o fortalecimento da assist\u00eancia odontol\u00f3gica no sistema p\u00fablico de sa\u00fade. A medida integra o pacote de novas nomea\u00e7\u00f5es divulgado nesta semana pelo governador <span class=\"hover:entity-accent entity-underline inline cursor-pointer align-baseline\"><span class=\"whitespace-normal\">Ibaneis Rocha<\/span><\/span>, com o objetivo de ampliar e qualificar o atendimento prestado \u00e0 popula\u00e7\u00e3o do DF.<\/p>\n<p data-start=\"492\" data-end=\"885\">A inclus\u00e3o de novos profissionais da odontologia na rede p\u00fablica \u00e9 uma demanda hist\u00f3rica da categoria e um passo fundamental para ampliar o acesso da popula\u00e7\u00e3o aos servi\u00e7os de sa\u00fade bucal. Com a chegada dos novos cirurgi\u00f5es-dentistas, espera-se a melhoria da capacidade de atendimento nas unidades de sa\u00fade, al\u00e9m do fortalecimento das a\u00e7\u00f5es de preven\u00e7\u00e3o, diagn\u00f3stico e tratamento odontol\u00f3gico.<\/p>\n<p data-start=\"887\" data-end=\"1065\">Al\u00e9m dos cirurgi\u00f5es-dentistas, o an\u00fancio tamb\u00e9m contempla a nomea\u00e7\u00e3o de outros profissionais essenciais para o funcionamento do sistema p\u00fablico de sa\u00fade. Ao todo, ser\u00e3o nomeados:<\/p>\n<ul data-start=\"1067\" data-end=\"1237\">\n<li data-start=\"1067\" data-end=\"1086\">\n<p data-start=\"1069\" data-end=\"1086\">150 enfermeiros<\/p>\n<\/li>\n<li data-start=\"1087\" data-end=\"1117\">\n<p data-start=\"1089\" data-end=\"1117\">850 t\u00e9cnicos de enfermagem<\/p>\n<\/li>\n<li data-start=\"1118\" data-end=\"1129\">\n<p data-start=\"1120\" data-end=\"1129\">45 AVAS<\/p>\n<\/li>\n<li data-start=\"1130\" data-end=\"1166\">\n<p data-start=\"1132\" data-end=\"1166\">45 agentes comunit\u00e1rios de sa\u00fade<\/p>\n<\/li>\n<li data-start=\"1167\" data-end=\"1207\">\n<p data-start=\"1169\" data-end=\"1207\">24 auditores de vigil\u00e2ncia sanit\u00e1ria<\/p>\n<\/li>\n<li data-start=\"1208\" data-end=\"1237\">\n<p data-start=\"1210\" data-end=\"1237\"><strong data-start=\"1210\" data-end=\"1237\">40 cirurgi\u00f5es-dentistas<\/strong><\/p>\n<\/li>\n<\/ul>\n<p data-start=\"1239\" data-end=\"1492\">De acordo com o governo do Distrito Federal, os novos servidores chegam para <strong data-start=\"1316\" data-end=\"1362\">refor\u00e7ar o atendimento na ponta do sistema<\/strong>, contribuindo para maior agilidade, amplia\u00e7\u00e3o da cobertura assistencial e melhoria da qualidade do cuidado oferecido \u00e0 popula\u00e7\u00e3o.<\/p>\n<p data-start=\"1494\" data-end=\"1815\">Para o sistema de sa\u00fade do DF, a nomea\u00e7\u00e3o de cirurgi\u00f5es-dentistas \u00e9 estrat\u00e9gica, uma vez que a sa\u00fade bucal desempenha papel fundamental na promo\u00e7\u00e3o da sa\u00fade integral. O fortalecimento das equipes permite ampliar a\u00e7\u00f5es preventivas, reduzir a incid\u00eancia de doen\u00e7as bucais e garantir tratamentos mais acess\u00edveis \u00e0 popula\u00e7\u00e3o.<\/p>\n<p data-start=\"2113\" data-end=\"2365\" data-is-last-node=\"\" data-is-only-node=\"\">O Sindicato dos Odontologistas do Distrito Federal acompanha com aten\u00e7\u00e3o as iniciativas voltadas ao fortalecimento da sa\u00fade p\u00fablica e segue defendendo a valoriza\u00e7\u00e3o dos cirurgi\u00f5es-dentistas e a amplia\u00e7\u00e3o das equipes de sa\u00fade bucal na rede p\u00fablica.<\/p>\n","protected":false},"excerpt":{"rendered":"<p>O an\u00fancio da nomea\u00e7\u00e3o de 40 cirurgi\u00f5es-dentistas para a rede p\u00fablica do Distrito Federal representa um importante avan\u00e7o para o fortalecimento da assist\u00eancia odontol\u00f3gica no sistema p\u00fablico de sa\u00fade. A medida integra o pacote de novas nomea\u00e7\u00f5es divulgado nesta semana pelo governador Ibaneis Rocha, com o objetivo de ampliar e qualificar o atendimento prestado \u00e0 [&hellip;]<\/p>\n","protected":false},"author":4,"featured_media":8377,"comment_status":"open","ping_status":"open","sticky":false,"template":"","format":"standard","meta":{"footnotes":""},"categories":[4],"tags":[],"class_list":["post-8376","post","type-post","status-publish","format-standard","has-post-thumbnail","hentry","category-noticias"],"post_mailing_queue_ids":[],"_links":{"self":[{"href":"https:\/\/www.sodf.org.br\/wordpress\/wp-json\/wp\/v2\/posts\/8376","targetHints":{"allow":["GET"]}}],"collection":[{"href":"https:\/\/www.sodf.org.br\/wordpress\/wp-json\/wp\/v2\/posts"}],"about":[{"href":"https:\/\/www.sodf.org.br\/wordpress\/wp-json\/wp\/v2\/types\/post"}],"author":[{"embeddable":true,"href":"https:\/\/www.sodf.org.br\/wordpress\/wp-json\/wp\/v2\/users\/4"}],"replies":[{"embeddable":true,"href":"https:\/\/www.sodf.org.br\/wordpress\/wp-json\/wp\/v2\/comments?post=8376"}],"version-history":[{"count":1,"href":"https:\/\/www.sodf.org.br\/wordpress\/wp-json\/wp\/v2\/posts\/8376\/revisions"}],"predecessor-version":[{"id":8378,"href":"https:\/\/www.sodf.org.br\/wordpress\/wp-json\/wp\/v2\/posts\/8376\/revisions\/8378"}],"wp:featuredmedia":[{"embeddable":true,"href":"https:\/\/www.sodf.org.br\/wordpress\/wp-json\/wp\/v2\/media\/8377"}],"wp:attachment":[{"href":"https:\/\/www.sodf.org.br\/wordpress\/wp-json\/wp\/v2\/media?parent=8376"}],"wp:term":[{"taxonomy":"category","embeddable":true,"href":"https:\/\/www.sodf.org.br\/wordpress\/wp-json\/wp\/v2\/categories?post=8376"},{"taxonomy":"post_tag","embeddable":true,"href":"https:\/\/www.sodf.org.br\/wordpress\/wp-json\/wp\/v2\/tags?post=8376"}],"curies":[{"name":"wp","href":"https:\/\/api.w.org\/{rel}","templated":true}]}}