{"id":7770,"date":"2025-02-06T09:59:08","date_gmt":"2025-02-06T12:59:08","guid":{"rendered":"https:\/\/www.sodf.org.br\/wordpress\/?p=7770"},"modified":"2025-02-06T09:59:08","modified_gmt":"2025-02-06T12:59:08","slug":"dentista-universidade-abre-vagas-para-atendimento-gratuito-ao-publico","status":"publish","type":"post","link":"https:\/\/www.sodf.org.br\/wordpress\/dentista-universidade-abre-vagas-para-atendimento-gratuito-ao-publico\/","title":{"rendered":"Dentista: universidade abre vagas para atendimento gratuito ao p\u00fablico"},"content":{"rendered":"<p>A Cl\u00ednica-Escola de Odontologia da Universidade Cat\u00f3lica de Bras\u00edlia (UCB) abrir\u00e1 vagas para atendimento gratuito ao p\u00fablico. As inscri\u00e7\u00f5es come\u00e7am \u00e0s 9h desta quinta-feira (6\/2), para pessoas a partir dos 13 anos.<\/p>\n<p>O prazo para cadastro terminar\u00e1 \u00e0s 18h de sexta-feira (7\/2). Para se inscrever, basta acessar o <a href=\"https:\/\/docs.google.com\/forms\/d\/e\/1FAIpQLSfw1T5YVgWR8nZWOhtWkbpPmy6jMPT-5ErlJ6aKGEnwMDWq9A\/viewform\">formul\u00e1rio dispon\u00edvel neste link<\/a>.<\/p>\n<p>Os interessados passar\u00e3o por triagem entre mar\u00e7o e novembro deste ano e, conforme o interesse acad\u00eamico-cient\u00edfico do curso, ser\u00e3o encaminhados para tratamento.<\/p>\n<p>Os atendimentos v\u00e3o ocorrer de segunda a sexta-feira, nos tr\u00eas turnos do dia, no campus de Taguatinga da UCB. Vale lembrar que o tempo de tratamento n\u00e3o \u00e9 previamente determinado e se estender\u00e1 ao longo de 2025.<\/p>\n<p>Nesta fase, crian\u00e7as at\u00e9 12 anos e pessoas com defici\u00eancia (PCDs) n\u00e3o fazem parte do p\u00fablico-alvo dos atendimentos. No entanto, a universidade abrir\u00e1 cadastro para atendimento a esses dois grupos no segundo semestre.<\/p>\n","protected":false},"excerpt":{"rendered":"<p>A Cl\u00ednica-Escola de Odontologia da Universidade Cat\u00f3lica de Bras\u00edlia (UCB) abrir\u00e1 vagas para atendimento gratuito ao p\u00fablico. As inscri\u00e7\u00f5es come\u00e7am \u00e0s 9h desta quinta-feira (6\/2), para pessoas a partir dos 13 anos. O prazo para cadastro terminar\u00e1 \u00e0s 18h de sexta-feira (7\/2). Para se inscrever, basta acessar o formul\u00e1rio dispon\u00edvel neste link. Os interessados passar\u00e3o [&hellip;]<\/p>\n","protected":false},"author":4,"featured_media":7771,"comment_status":"open","ping_status":"open","sticky":false,"template":"","format":"standard","meta":{"footnotes":""},"categories":[4],"tags":[],"class_list":["post-7770","post","type-post","status-publish","format-standard","has-post-thumbnail","hentry","category-noticias"],"post_mailing_queue_ids":[],"_links":{"self":[{"href":"https:\/\/www.sodf.org.br\/wordpress\/wp-json\/wp\/v2\/posts\/7770","targetHints":{"allow":["GET"]}}],"collection":[{"href":"https:\/\/www.sodf.org.br\/wordpress\/wp-json\/wp\/v2\/posts"}],"about":[{"href":"https:\/\/www.sodf.org.br\/wordpress\/wp-json\/wp\/v2\/types\/post"}],"author":[{"embeddable":true,"href":"https:\/\/www.sodf.org.br\/wordpress\/wp-json\/wp\/v2\/users\/4"}],"replies":[{"embeddable":true,"href":"https:\/\/www.sodf.org.br\/wordpress\/wp-json\/wp\/v2\/comments?post=7770"}],"version-history":[{"count":1,"href":"https:\/\/www.sodf.org.br\/wordpress\/wp-json\/wp\/v2\/posts\/7770\/revisions"}],"predecessor-version":[{"id":7772,"href":"https:\/\/www.sodf.org.br\/wordpress\/wp-json\/wp\/v2\/posts\/7770\/revisions\/7772"}],"wp:featuredmedia":[{"embeddable":true,"href":"https:\/\/www.sodf.org.br\/wordpress\/wp-json\/wp\/v2\/media\/7771"}],"wp:attachment":[{"href":"https:\/\/www.sodf.org.br\/wordpress\/wp-json\/wp\/v2\/media?parent=7770"}],"wp:term":[{"taxonomy":"category","embeddable":true,"href":"https:\/\/www.sodf.org.br\/wordpress\/wp-json\/wp\/v2\/categories?post=7770"},{"taxonomy":"post_tag","embeddable":true,"href":"https:\/\/www.sodf.org.br\/wordpress\/wp-json\/wp\/v2\/tags?post=7770"}],"curies":[{"name":"wp","href":"https:\/\/api.w.org\/{rel}","templated":true}]}}