{"id":7679,"date":"2024-12-03T17:16:37","date_gmt":"2024-12-03T20:16:37","guid":{"rendered":"https:\/\/www.sodf.org.br\/wordpress\/?p=7679"},"modified":"2024-12-03T17:16:37","modified_gmt":"2024-12-03T20:16:37","slug":"sodf-participa-da-91a-reuniao-ordinaria-da-mesa-nacional-de-negociacao-permanente-do-sus","status":"publish","type":"post","link":"https:\/\/www.sodf.org.br\/wordpress\/sodf-participa-da-91a-reuniao-ordinaria-da-mesa-nacional-de-negociacao-permanente-do-sus\/","title":{"rendered":"SODF participa da 91\u00aa reuni\u00e3o ordin\u00e1ria da mesa nacional de negocia\u00e7\u00e3o permanente do SUS"},"content":{"rendered":"<p>Na manh\u00e3 desta ter\u00e7a-feira (03\/12), o presidente do Sindicato dos Odontologistas do Distrito Federal (SODF), Wendel Teixeira, participou da 91\u00aa Reuni\u00e3o Ordin\u00e1ria (RO) do pleno da Mesa Nacional de Negocia\u00e7\u00e3o Permanente do SUS (MNNP\/SUS). O evento contou com a Cerim\u00f4nia de Ades\u00e3o das Mesas Estaduais ao Sistema Nacional de Negocia\u00e7\u00e3o Permanente do SUS (SiNNP\/SUS), fortalecendo o di\u00e1logo entre trabalhadores e gestores.<\/p>\n<p>A mesa de negocia\u00e7\u00e3o \u00e9 uma oportunidade fundamental para entidades como o SODF discutirem quest\u00f5es relacionadas aos trabalhadores do SUS, como carga hor\u00e1ria, piso salarial, estrat\u00e9gias de melhoria para a popula\u00e7\u00e3o e os profissionais, qualidade de vida e outros temas relevantes.<\/p>\n<p>\u201cEra um sonho do nosso Sindicato a abertura da mesa de renegocia\u00e7\u00e3o. Apesar de termos um espa\u00e7o de di\u00e1logo com a Secretaria de Sa\u00fade, precis\u00e1vamos de algo institucionalizado, que reunisse todos os sindicatos do DF para negociar com a gest\u00e3o. Essa mesa representa um passo gigantesco para mudan\u00e7as no SUS. N\u00e3o h\u00e1 sa\u00fade sem trabalhador, pois somos n\u00f3s que fazemos o Sistema\u201d, destacou Wendel Teixeira, presidente do SODF.<\/p>\n<p>Al\u00e9m do Distrito Federal, representantes dos estados do Esp\u00edrito Santo (ES), Rio Grande do Norte (RN), Amazonas (AM) e Amap\u00e1 (AP) tamb\u00e9m participaram do evento.<\/p>\n<p><strong>Temas Debatidos<br \/>\n<\/strong><br \/>\nDurante a manh\u00e3, o grupo discutiu a Lei de Responsabilidade Fiscal (LRF) e seus impactos na Gest\u00e3o do Trabalho e Educa\u00e7\u00e3o em Sa\u00fade no \u00e2mbito do SUS. Tamb\u00e9m foram apresentadas as Diretrizes para a Preven\u00e7\u00e3o e Enfrentamento ao Ass\u00e9dio, Discrimina\u00e7\u00e3o e Viol\u00eancias Relacionadas ao Trabalho, refor\u00e7ando a import\u00e2ncia de ambientes seguros e respeitosos para os trabalhadores da sa\u00fade.<\/p>\n<p><strong>Pr\u00f3ximos Passos<br \/>\n<\/strong><br \/>\nAo final do evento, foi realizado um balan\u00e7o das atividades de 2024 e a defini\u00e7\u00e3o do calend\u00e1rio de a\u00e7\u00f5es para 2025, com foco em fortalecer as negocia\u00e7\u00f5es e garantir avan\u00e7os para os trabalhadores do SUS.<\/p>\n<p>O SODF segue firme na luta por melhores condi\u00e7\u00f5es de trabalho e valoriza\u00e7\u00e3o dos cirurgi\u00f5es-dentistas no sistema p\u00fablico de sa\u00fade.<\/p>\n","protected":false},"excerpt":{"rendered":"<p>Na manh\u00e3 desta ter\u00e7a-feira (03\/12), o presidente do Sindicato dos Odontologistas do Distrito Federal (SODF), Wendel Teixeira, participou da 91\u00aa Reuni\u00e3o Ordin\u00e1ria (RO) do pleno da Mesa Nacional de Negocia\u00e7\u00e3o Permanente do SUS (MNNP\/SUS). O evento contou com a Cerim\u00f4nia de Ades\u00e3o das Mesas Estaduais ao Sistema Nacional de Negocia\u00e7\u00e3o Permanente do SUS (SiNNP\/SUS), fortalecendo [&hellip;]<\/p>\n","protected":false},"author":4,"featured_media":7680,"comment_status":"open","ping_status":"open","sticky":false,"template":"","format":"standard","meta":{"footnotes":""},"categories":[4],"tags":[],"class_list":["post-7679","post","type-post","status-publish","format-standard","has-post-thumbnail","hentry","category-noticias"],"post_mailing_queue_ids":[],"_links":{"self":[{"href":"https:\/\/www.sodf.org.br\/wordpress\/wp-json\/wp\/v2\/posts\/7679","targetHints":{"allow":["GET"]}}],"collection":[{"href":"https:\/\/www.sodf.org.br\/wordpress\/wp-json\/wp\/v2\/posts"}],"about":[{"href":"https:\/\/www.sodf.org.br\/wordpress\/wp-json\/wp\/v2\/types\/post"}],"author":[{"embeddable":true,"href":"https:\/\/www.sodf.org.br\/wordpress\/wp-json\/wp\/v2\/users\/4"}],"replies":[{"embeddable":true,"href":"https:\/\/www.sodf.org.br\/wordpress\/wp-json\/wp\/v2\/comments?post=7679"}],"version-history":[{"count":1,"href":"https:\/\/www.sodf.org.br\/wordpress\/wp-json\/wp\/v2\/posts\/7679\/revisions"}],"predecessor-version":[{"id":7681,"href":"https:\/\/www.sodf.org.br\/wordpress\/wp-json\/wp\/v2\/posts\/7679\/revisions\/7681"}],"wp:featuredmedia":[{"embeddable":true,"href":"https:\/\/www.sodf.org.br\/wordpress\/wp-json\/wp\/v2\/media\/7680"}],"wp:attachment":[{"href":"https:\/\/www.sodf.org.br\/wordpress\/wp-json\/wp\/v2\/media?parent=7679"}],"wp:term":[{"taxonomy":"category","embeddable":true,"href":"https:\/\/www.sodf.org.br\/wordpress\/wp-json\/wp\/v2\/categories?post=7679"},{"taxonomy":"post_tag","embeddable":true,"href":"https:\/\/www.sodf.org.br\/wordpress\/wp-json\/wp\/v2\/tags?post=7679"}],"curies":[{"name":"wp","href":"https:\/\/api.w.org\/{rel}","templated":true}]}}