{"id":7676,"date":"2024-11-29T10:21:53","date_gmt":"2024-11-29T13:21:53","guid":{"rendered":"https:\/\/www.sodf.org.br\/wordpress\/?p=7676"},"modified":"2024-12-03T16:34:14","modified_gmt":"2024-12-03T19:34:14","slug":"comissao-de-saude-aprova-pl-765-2015","status":"publish","type":"post","link":"https:\/\/www.sodf.org.br\/wordpress\/comissao-de-saude-aprova-pl-765-2015\/","title":{"rendered":"Comiss\u00e3o de Sa\u00fade aprova PL 765\/2015"},"content":{"rendered":"<p><em>Projeto de Lei trata do piso salarial para cirurgi\u00f5es-dentistas e m\u00e9dicos\u00a0<\/em><\/p>\n<p>A <strong>Comiss\u00e3o de Sa\u00fade da C\u00e2mara dos Deputados<\/strong> aprovou, no \u00faltimo dia <strong>27 de novembro<\/strong>, o parecer do deputado federal <strong>Eduardo Velloso (Uni\u00e3o-AC)<\/strong> sobre o <strong>Projeto de Lei n\u00ba 765\/2015<\/strong>, que trata do piso salarial dos cirurgi\u00f5es-dentistas e m\u00e9dicos. Agora, a proposta segue para an\u00e1lise e discuss\u00e3o na <strong>Comiss\u00e3o de Trabalho, de Administra\u00e7\u00e3o e Servi\u00e7o P\u00fablico<\/strong>.<\/p>\n<p>A aprova\u00e7\u00e3o do projeto reflete o resultado de um intenso trabalho de articula\u00e7\u00e3o promovido pela uni\u00e3o das categorias de todo o Brasil. Profissionais da sa\u00fade, organizados em caravanas, vieram a Bras\u00edlia para defender a atualiza\u00e7\u00e3o do piso salarial. Al\u00e9m dos cirurgi\u00f5es-dentistas e m\u00e9dicos, estiveram presentes a <strong>Federa\u00e7\u00e3o Interestadual de Odontologia (FIO)<\/strong>, os <strong>Conselhos Federais de Odontologia e Medicina<\/strong>, sindicatos de diversos estados, incluindo o <strong>Sindicato dos Odontologistas do DF (SODF)<\/strong>, e outras entidades representativas.<\/p>\n<p>A <strong>Frente Parlamentar da Odontologia<\/strong>, presidida pelo deputado federal <strong>Carlos Henrique Gaguim (Uni\u00e3o-TO)<\/strong>, desempenhou um papel fundamental, articulando-se com outros parlamentares e refor\u00e7ando a import\u00e2ncia do projeto. A mobiliza\u00e7\u00e3o conjunta foi essencial para sensibilizar o Legislativo sobre a relev\u00e2ncia da mat\u00e9ria e garantir sua aprova\u00e7\u00e3o na Comiss\u00e3o de Sa\u00fade. O apoio do relator, deputado Eduardo Velloso, e do presidente da Comiss\u00e3o, deputado <strong>Dr. Francisco (PT-PI)<\/strong>, tamb\u00e9m foi decisivo para o avan\u00e7o da proposta.<\/p>\n<hr \/>\n<h3>Entenda o Projeto de Lei 765\/2015<\/h3>\n<p>O <strong>PL 765\/2015<\/strong> prop\u00f5e um <strong>piso salarial de R$ 10.513,00<\/strong> para m\u00e9dicos e cirurgi\u00f5es-dentistas, com reajuste anual. A proposta est\u00e1 apensada a outros projetos que tratam de condi\u00e7\u00f5es de trabalho e piso salarial, como os <strong>PLs 1.602\/2015<\/strong>, <strong>776\/2015<\/strong> e <strong>11.162\/2018<\/strong>, todos em tramita\u00e7\u00e3o na C\u00e2mara.<\/p>\n<p>O projeto representa uma importante conquista para os profissionais da sa\u00fade, que buscam condi\u00e7\u00f5es de trabalho mais dignas e uma valoriza\u00e7\u00e3o justa da profiss\u00e3o.<\/p>\n<p>&nbsp;<\/p>\n","protected":false},"excerpt":{"rendered":"<p>Projeto de Lei trata do piso salarial para cirurgi\u00f5es-dentistas e m\u00e9dicos\u00a0 A Comiss\u00e3o de Sa\u00fade da C\u00e2mara dos Deputados aprovou, no \u00faltimo dia 27 de novembro, o parecer do deputado federal Eduardo Velloso (Uni\u00e3o-AC) sobre o Projeto de Lei n\u00ba 765\/2015, que trata do piso salarial dos cirurgi\u00f5es-dentistas e m\u00e9dicos. Agora, a proposta segue para [&hellip;]<\/p>\n","protected":false},"author":4,"featured_media":7677,"comment_status":"open","ping_status":"open","sticky":false,"template":"","format":"standard","meta":{"footnotes":""},"categories":[4],"tags":[],"class_list":["post-7676","post","type-post","status-publish","format-standard","has-post-thumbnail","hentry","category-noticias"],"post_mailing_queue_ids":[],"_links":{"self":[{"href":"https:\/\/www.sodf.org.br\/wordpress\/wp-json\/wp\/v2\/posts\/7676","targetHints":{"allow":["GET"]}}],"collection":[{"href":"https:\/\/www.sodf.org.br\/wordpress\/wp-json\/wp\/v2\/posts"}],"about":[{"href":"https:\/\/www.sodf.org.br\/wordpress\/wp-json\/wp\/v2\/types\/post"}],"author":[{"embeddable":true,"href":"https:\/\/www.sodf.org.br\/wordpress\/wp-json\/wp\/v2\/users\/4"}],"replies":[{"embeddable":true,"href":"https:\/\/www.sodf.org.br\/wordpress\/wp-json\/wp\/v2\/comments?post=7676"}],"version-history":[{"count":1,"href":"https:\/\/www.sodf.org.br\/wordpress\/wp-json\/wp\/v2\/posts\/7676\/revisions"}],"predecessor-version":[{"id":7678,"href":"https:\/\/www.sodf.org.br\/wordpress\/wp-json\/wp\/v2\/posts\/7676\/revisions\/7678"}],"wp:featuredmedia":[{"embeddable":true,"href":"https:\/\/www.sodf.org.br\/wordpress\/wp-json\/wp\/v2\/media\/7677"}],"wp:attachment":[{"href":"https:\/\/www.sodf.org.br\/wordpress\/wp-json\/wp\/v2\/media?parent=7676"}],"wp:term":[{"taxonomy":"category","embeddable":true,"href":"https:\/\/www.sodf.org.br\/wordpress\/wp-json\/wp\/v2\/categories?post=7676"},{"taxonomy":"post_tag","embeddable":true,"href":"https:\/\/www.sodf.org.br\/wordpress\/wp-json\/wp\/v2\/tags?post=7676"}],"curies":[{"name":"wp","href":"https:\/\/api.w.org\/{rel}","templated":true}]}}