{"id":7666,"date":"2024-11-21T15:23:51","date_gmt":"2024-11-21T18:23:51","guid":{"rendered":"https:\/\/www.sodf.org.br\/wordpress\/?p=7666"},"modified":"2024-11-21T15:23:51","modified_gmt":"2024-11-21T18:23:51","slug":"ses-df-e-unb-vao-criar-primeira-ubs-escola-do-df","status":"publish","type":"post","link":"https:\/\/www.sodf.org.br\/wordpress\/ses-df-e-unb-vao-criar-primeira-ubs-escola-do-df\/","title":{"rendered":"SES\/DF e UnB v\u00e3o criar primeira UBS Escola do DF"},"content":{"rendered":"<p><em>Protocolo de inten\u00e7\u00f5es foi assinado nesta segunda-feira (18). Modelo busca capacitar graduandos e p\u00f3s-graduandos<\/p>\n<p><\/em>A Secretaria de Sa\u00fade (SES-DF) e a Universidade de Bras\u00edlia (UnB) assinaram, nesta segunda-feira (18), um protocolo de inten\u00e7\u00f5es para a cria\u00e7\u00e3o da primeira Unidade B\u00e1sica de Sa\u00fade (UBS) Escola do Distrito Federal. O novo modelo ir\u00e1 funcionar como campo de pr\u00e1tica para estudantes de gradua\u00e7\u00e3o e p\u00f3s-gradua\u00e7\u00e3o na \u00e1rea da sa\u00fade.<\/p>\n<p>&#8220;\u00c9 um espa\u00e7o que ir\u00e1 auxiliar tanto alunos como pacientes. Nele, teremos as etapas t\u00e9cnica, cient\u00edfica e cultural. Vamos cuidar da sa\u00fade das pessoas. Teremos qualifica\u00e7\u00e3o, crescimento, quebra de barreiras e rompimento de bolhas. O objetivo \u00e9 trabalhar essa voca\u00e7\u00e3o para os hospitais\u201d, declara a secret\u00e1ria de Sa\u00fade, Lucilene Flor\u00eancio.<\/p>\n<p>Presente na Portaria n.\u00ba 77\/2017, que estabelece os protocolos da Aten\u00e7\u00e3o Prim\u00e1ria na capital federal, as UBSs Escolas s\u00e3o definidas como unidades voltadas \u00e0 sa\u00fade, ensino, pesquisa e preceptoria para estudantes de n\u00edvel t\u00e9cnico, superior, p\u00f3s-gradua\u00e7\u00e3o modalidade lato sensu e stricto sensu, aperfei\u00e7oamento de servidores, desenvolvimento e inova\u00e7\u00e3o tecnol\u00f3gica e cient\u00edfica.<\/p>\n<p>A reitora da UnB, M\u00e1rcia Abrah\u00e3o, reconhece o Sistema \u00danico de Sa\u00fade (SUS) como instrumento de promo\u00e7\u00e3o do bem-estar entre os cidad\u00e3os. &#8220;A UBS Escola \u00e9 um avan\u00e7o. Para preservar a sa\u00fade do DF, precisamos tamb\u00e9m cuidar da sa\u00fade de quem est\u00e1 aqui dentro [na UnB]. Ela ser\u00e1 um elo entre a universidade e a popula\u00e7\u00e3o. \u00c9 uma constru\u00e7\u00e3o da \u00e1rea t\u00e9cnica, principalmente\u201d, enfatiza.<\/p>\n<p><b>Forma\u00e7\u00e3o direcionada<\/b><\/p>\n<p>Segundo a coordenadora de Aten\u00e7\u00e3o Prim\u00e1ria \u00e0 Sa\u00fade (APS), Sandra Ara\u00fajo, a iniciativa, iniciada ainda em 2022, foi elaborada de forma coletiva e representa um momento hist\u00f3rico. \u201cPara n\u00f3s, a UBS Escola \u00e9 a possibilidade de termos uma forma\u00e7\u00e3o direcionada para um SUS melhor, mais resolutivo. Essa constru\u00e7\u00e3o ser\u00e1 riqu\u00edssima e vai nos dar luz para muitas outras unidades de excel\u00eancia\u201d, avalia.<\/p>\n<p>*Com informa\u00e7\u00f5es da Secretaria de Sa\u00fade.<\/p>\n","protected":false},"excerpt":{"rendered":"<p>Protocolo de inten\u00e7\u00f5es foi assinado nesta segunda-feira (18). Modelo busca capacitar graduandos e p\u00f3s-graduandos A Secretaria de Sa\u00fade (SES-DF) e a Universidade de Bras\u00edlia (UnB) assinaram, nesta segunda-feira (18), um protocolo de inten\u00e7\u00f5es para a cria\u00e7\u00e3o da primeira Unidade B\u00e1sica de Sa\u00fade (UBS) Escola do Distrito Federal. O novo modelo ir\u00e1 funcionar como campo de [&hellip;]<\/p>\n","protected":false},"author":4,"featured_media":7667,"comment_status":"open","ping_status":"open","sticky":false,"template":"","format":"standard","meta":{"footnotes":""},"categories":[4],"tags":[],"class_list":["post-7666","post","type-post","status-publish","format-standard","has-post-thumbnail","hentry","category-noticias"],"post_mailing_queue_ids":[],"_links":{"self":[{"href":"https:\/\/www.sodf.org.br\/wordpress\/wp-json\/wp\/v2\/posts\/7666","targetHints":{"allow":["GET"]}}],"collection":[{"href":"https:\/\/www.sodf.org.br\/wordpress\/wp-json\/wp\/v2\/posts"}],"about":[{"href":"https:\/\/www.sodf.org.br\/wordpress\/wp-json\/wp\/v2\/types\/post"}],"author":[{"embeddable":true,"href":"https:\/\/www.sodf.org.br\/wordpress\/wp-json\/wp\/v2\/users\/4"}],"replies":[{"embeddable":true,"href":"https:\/\/www.sodf.org.br\/wordpress\/wp-json\/wp\/v2\/comments?post=7666"}],"version-history":[{"count":1,"href":"https:\/\/www.sodf.org.br\/wordpress\/wp-json\/wp\/v2\/posts\/7666\/revisions"}],"predecessor-version":[{"id":7668,"href":"https:\/\/www.sodf.org.br\/wordpress\/wp-json\/wp\/v2\/posts\/7666\/revisions\/7668"}],"wp:featuredmedia":[{"embeddable":true,"href":"https:\/\/www.sodf.org.br\/wordpress\/wp-json\/wp\/v2\/media\/7667"}],"wp:attachment":[{"href":"https:\/\/www.sodf.org.br\/wordpress\/wp-json\/wp\/v2\/media?parent=7666"}],"wp:term":[{"taxonomy":"category","embeddable":true,"href":"https:\/\/www.sodf.org.br\/wordpress\/wp-json\/wp\/v2\/categories?post=7666"},{"taxonomy":"post_tag","embeddable":true,"href":"https:\/\/www.sodf.org.br\/wordpress\/wp-json\/wp\/v2\/tags?post=7666"}],"curies":[{"name":"wp","href":"https:\/\/api.w.org\/{rel}","templated":true}]}}