{"id":7662,"date":"2024-11-21T09:46:34","date_gmt":"2024-11-21T12:46:34","guid":{"rendered":"https:\/\/www.sodf.org.br\/wordpress\/?p=7662"},"modified":"2024-11-21T09:47:32","modified_gmt":"2024-11-21T12:47:32","slug":"7662-2","status":"publish","type":"post","link":"https:\/\/www.sodf.org.br\/wordpress\/7662-2\/","title":{"rendered":"Participe da Segunda pesquisa da PQVT da SES\/DF"},"content":{"rendered":"<p>Entre os dias <strong>19 de novembro e 1\u00ba de dezembro de 2024<\/strong>, o <strong>Comit\u00ea Central de Qualidade de Vida no Trabalho<\/strong> da <strong>Secretaria de Estado de Sa\u00fade do Distrito Federal (SES\/DF)<\/strong> realiza a segunda edi\u00e7\u00e3o da pesquisa intitulada <strong>&#8220;Qualidade de Vida no Trabalho: Planejamento, Monitoramento e Avalia\u00e7\u00e3o das A\u00e7\u00f5es&#8221;<\/strong>.<\/p>\n<p>A iniciativa tem como objetivo compreender a percep\u00e7\u00e3o dos servidores sobre a qualidade de vida no ambiente de trabalho. As informa\u00e7\u00f5es coletadas ser\u00e3o fundamentais para realizar um diagn\u00f3stico institucional detalhado, al\u00e9m de subsidiar o planejamento, o monitoramento e a avalia\u00e7\u00e3o das a\u00e7\u00f5es voltadas para a melhoria da qualidade de vida no trabalho no \u00e2mbito da SES\/DF.<\/p>\n<p>Sua contribui\u00e7\u00e3o \u00e9 essencial para identificar os desafios enfrentados no dia a dia e implementar medidas que promovam um ambiente de trabalho mais saud\u00e1vel e produtivo para todos.<\/p>\n<p>A pesquisa pode ser acessada <a href=\"https:\/\/docs.google.com\/forms\/d\/e\/1FAIpQLScgpjp9VwT2JwQjRDd_Z4RQZ_eh1N3OQXctOkXpFzg7GAIWfQ\/viewform\">aqui<\/a>.<\/p>\n<p><strong>Participe e ajude a construir um ambiente de trabalho melhor para todos!<\/strong><\/p>\n","protected":false},"excerpt":{"rendered":"<p>Entre os dias 19 de novembro e 1\u00ba de dezembro de 2024, o Comit\u00ea Central de Qualidade de Vida no Trabalho da Secretaria de Estado de Sa\u00fade do Distrito Federal (SES\/DF) realiza a segunda edi\u00e7\u00e3o da pesquisa intitulada &#8220;Qualidade de Vida no Trabalho: Planejamento, Monitoramento e Avalia\u00e7\u00e3o das A\u00e7\u00f5es&#8221;. A iniciativa tem como objetivo compreender [&hellip;]<\/p>\n","protected":false},"author":4,"featured_media":7663,"comment_status":"open","ping_status":"open","sticky":false,"template":"","format":"standard","meta":{"footnotes":""},"categories":[4],"tags":[],"class_list":["post-7662","post","type-post","status-publish","format-standard","has-post-thumbnail","hentry","category-noticias"],"post_mailing_queue_ids":[],"_links":{"self":[{"href":"https:\/\/www.sodf.org.br\/wordpress\/wp-json\/wp\/v2\/posts\/7662","targetHints":{"allow":["GET"]}}],"collection":[{"href":"https:\/\/www.sodf.org.br\/wordpress\/wp-json\/wp\/v2\/posts"}],"about":[{"href":"https:\/\/www.sodf.org.br\/wordpress\/wp-json\/wp\/v2\/types\/post"}],"author":[{"embeddable":true,"href":"https:\/\/www.sodf.org.br\/wordpress\/wp-json\/wp\/v2\/users\/4"}],"replies":[{"embeddable":true,"href":"https:\/\/www.sodf.org.br\/wordpress\/wp-json\/wp\/v2\/comments?post=7662"}],"version-history":[{"count":2,"href":"https:\/\/www.sodf.org.br\/wordpress\/wp-json\/wp\/v2\/posts\/7662\/revisions"}],"predecessor-version":[{"id":7665,"href":"https:\/\/www.sodf.org.br\/wordpress\/wp-json\/wp\/v2\/posts\/7662\/revisions\/7665"}],"wp:featuredmedia":[{"embeddable":true,"href":"https:\/\/www.sodf.org.br\/wordpress\/wp-json\/wp\/v2\/media\/7663"}],"wp:attachment":[{"href":"https:\/\/www.sodf.org.br\/wordpress\/wp-json\/wp\/v2\/media?parent=7662"}],"wp:term":[{"taxonomy":"category","embeddable":true,"href":"https:\/\/www.sodf.org.br\/wordpress\/wp-json\/wp\/v2\/categories?post=7662"},{"taxonomy":"post_tag","embeddable":true,"href":"https:\/\/www.sodf.org.br\/wordpress\/wp-json\/wp\/v2\/tags?post=7662"}],"curies":[{"name":"wp","href":"https:\/\/api.w.org\/{rel}","templated":true}]}}