{"id":7658,"date":"2024-11-14T11:00:20","date_gmt":"2024-11-14T14:00:20","guid":{"rendered":"https:\/\/www.sodf.org.br\/wordpress\/?p=7658"},"modified":"2024-11-18T11:10:16","modified_gmt":"2024-11-18T14:10:16","slug":"kit-de-natal-do-sodf-ja-foi-enviado","status":"publish","type":"post","link":"https:\/\/www.sodf.org.br\/wordpress\/kit-de-natal-do-sodf-ja-foi-enviado\/","title":{"rendered":"Kit de Natal do SODF j\u00e1 foi enviado"},"content":{"rendered":"<p>N\u00f3s, do <strong>Sindicato dos Odontologistas do Distrito Federal<\/strong>, queremos expressar nossa gratid\u00e3o pela parceria e dedica\u00e7\u00e3o de cada um de voc\u00eas. Por isso, estamos enviando para o endere\u00e7o cadastrado na nossa Secretaria a nossa lembran\u00e7a de Natal, que inclui a tradicional agenda para organiza\u00e7\u00e3o de pacientes ou da vida pessoal, al\u00e9m de um presente surpresa que, temos certeza, ser\u00e1 \u00fatil em muitos momentos de alegria.<\/p>\n<p>A empresa j\u00e1 foi contratada e as entregas come\u00e7ar\u00e3o a partir do dia <strong>18 de novembro<\/strong>, diretamente na resid\u00eancia de cada filiado. Lembramos que, com mais de 600 sindicalizados em todo o DF, as entregas podem se estender at\u00e9 o final de novembro.<\/p>\n<p>Caso o endere\u00e7o n\u00e3o esteja atualizado ou n\u00e3o haja ningu\u00e9m para receber, o kit retornar\u00e1 ao Sindicato e entraremos em contato para reenvio. Os filiados que n\u00e3o residem no DF devem comparecer pessoalmente ao sindicato para retirar o seu Kit.<\/p>\n<p>Quando receber seu kit, poste uma foto no Instagram e marque o nosso perfil! <strong>Uma odontologia unida \u00e9 cada vez mais reconhecida!<\/strong><\/p>\n<p>Agradecemos por este 2024 incr\u00edvel e desejamos que 2025 seja um ano ainda mais promissor para a nossa categoria, repleto de novas conquistas.<\/p>\n<p>Estamos \u00e0 disposi\u00e7\u00e3o para qualquer d\u00favida! Obrigado a cada um de voc\u00eas!<\/p>\n<p>&nbsp;<\/p>\n","protected":false},"excerpt":{"rendered":"<p>N\u00f3s, do Sindicato dos Odontologistas do Distrito Federal, queremos expressar nossa gratid\u00e3o pela parceria e dedica\u00e7\u00e3o de cada um de voc\u00eas. Por isso, estamos enviando para o endere\u00e7o cadastrado na nossa Secretaria a nossa lembran\u00e7a de Natal, que inclui a tradicional agenda para organiza\u00e7\u00e3o de pacientes ou da vida pessoal, al\u00e9m de um presente surpresa [&hellip;]<\/p>\n","protected":false},"author":4,"featured_media":7659,"comment_status":"open","ping_status":"open","sticky":false,"template":"","format":"standard","meta":{"footnotes":""},"categories":[4],"tags":[],"class_list":["post-7658","post","type-post","status-publish","format-standard","has-post-thumbnail","hentry","category-noticias"],"post_mailing_queue_ids":[],"_links":{"self":[{"href":"https:\/\/www.sodf.org.br\/wordpress\/wp-json\/wp\/v2\/posts\/7658","targetHints":{"allow":["GET"]}}],"collection":[{"href":"https:\/\/www.sodf.org.br\/wordpress\/wp-json\/wp\/v2\/posts"}],"about":[{"href":"https:\/\/www.sodf.org.br\/wordpress\/wp-json\/wp\/v2\/types\/post"}],"author":[{"embeddable":true,"href":"https:\/\/www.sodf.org.br\/wordpress\/wp-json\/wp\/v2\/users\/4"}],"replies":[{"embeddable":true,"href":"https:\/\/www.sodf.org.br\/wordpress\/wp-json\/wp\/v2\/comments?post=7658"}],"version-history":[{"count":1,"href":"https:\/\/www.sodf.org.br\/wordpress\/wp-json\/wp\/v2\/posts\/7658\/revisions"}],"predecessor-version":[{"id":7660,"href":"https:\/\/www.sodf.org.br\/wordpress\/wp-json\/wp\/v2\/posts\/7658\/revisions\/7660"}],"wp:featuredmedia":[{"embeddable":true,"href":"https:\/\/www.sodf.org.br\/wordpress\/wp-json\/wp\/v2\/media\/7659"}],"wp:attachment":[{"href":"https:\/\/www.sodf.org.br\/wordpress\/wp-json\/wp\/v2\/media?parent=7658"}],"wp:term":[{"taxonomy":"category","embeddable":true,"href":"https:\/\/www.sodf.org.br\/wordpress\/wp-json\/wp\/v2\/categories?post=7658"},{"taxonomy":"post_tag","embeddable":true,"href":"https:\/\/www.sodf.org.br\/wordpress\/wp-json\/wp\/v2\/tags?post=7658"}],"curies":[{"name":"wp","href":"https:\/\/api.w.org\/{rel}","templated":true}]}}