{"id":7646,"date":"2024-11-12T11:39:39","date_gmt":"2024-11-12T14:39:39","guid":{"rendered":"https:\/\/www.sodf.org.br\/wordpress\/?p=7646"},"modified":"2024-11-12T11:39:39","modified_gmt":"2024-11-12T14:39:39","slug":"i-forum-caminhos-para-a-aposentadoria","status":"publish","type":"post","link":"https:\/\/www.sodf.org.br\/wordpress\/i-forum-caminhos-para-a-aposentadoria\/","title":{"rendered":"I F\u00f3rum Caminhos para a Aposentadoria"},"content":{"rendered":"<p>No dia 11 de novembro, aconteceu o <strong>I F\u00f3rum Caminhos para a Aposentadoria<\/strong>, promovido pela <strong>Secretaria de Sa\u00fade do Distrito Federal (SES-DF)<\/strong>. O evento foi uma iniciativa da <strong>Subsecretaria de Gest\u00e3o de Pessoas (SUGEP)<\/strong>, por meio da <strong>Ger\u00eancia de Aposentadorias e Pens\u00f5es (GAPE)<\/strong>, com o objetivo de oferecer aos servidores orienta\u00e7\u00f5es e esclarecimentos sobre o processo de aposentadoria. O <strong>Sindicato dos Odontologistas do Distrito Federal (SODF)<\/strong> foi um dos apoiadores da iniciativa.<\/p>\n<p>Todos os servidores da SES-DF, sem restri\u00e7\u00f5es de idade ou tempo de admiss\u00e3o, puderam participar. O prop\u00f3sito do evento foi proporcionar informa\u00e7\u00f5es necess\u00e1rias para um planejamento seguro e tranquilo da transi\u00e7\u00e3o para a aposentadoria.<\/p>\n<p>De acordo com o subsecret\u00e1rio da SUGEP, <strong>Jo\u00e3o Eudes Filho<\/strong>, o F\u00f3rum ajudar\u00e1 a melhorar o processo de aposentadoria dos servidores. \u201cSe o servidor j\u00e1 tiver 25 anos de contribui\u00e7\u00e3o apenas na SES, j\u00e1 podemos iniciar o processo de aposentadoria. Aqueles pr\u00f3ximos da linha de corte devem se preparar para abrir o processo de verifica\u00e7\u00e3o. Quem possui tempo de trabalho em empresas privadas tamb\u00e9m pode nos procurar para orienta\u00e7\u00f5es\u201d, afirmou.<\/p>\n<p>Para o diretor jur\u00eddico do SODF, <strong>Aroldo Neto<\/strong>, o momento foi importante para esclarecer d\u00favidas. \u201cO Sindicato est\u00e1 aqui como multiplicador dessas informa\u00e7\u00f5es para os servidores. Al\u00e9m disso, o f\u00f3rum permite uma orienta\u00e7\u00e3o mais detalhada para quem planeja se aposentar, ajudando no planejamento da melhor forma poss\u00edvel.\u201d<\/p>\n<p>Este primeiro F\u00f3rum ficou dispon\u00edvel no canal do YouTube e pode ser acessado <a href=\"https:\/\/www.youtube.com\/watch?v=SlILNYY_rIc\" rel=\"noopener\">aqui<\/a>.<\/p>\n<p><strong>Informa\u00e7\u00f5es Gerais:<\/strong><\/p>\n<ul>\n<li>A <strong>Lei 970\/2020<\/strong> estabelece as regras do Regime Pr\u00f3prio de Previd\u00eancia Social do Distrito Federal, em conformidade com a <strong>Emenda Constitucional n\u00ba 103, de 2019<\/strong>.<\/li>\n<li>O <strong>Manual de Aposentadoria do IPREV<\/strong> pode ser acessado <a href=\"https:\/\/www.iprev.df.gov.br\/documents\/d\/guest\/manual-de-aposentadoria-versao-nova-5-pdf\" target=\"_new\" rel=\"noopener\">aqui<\/a>.<\/li>\n<li>O <strong>Manual de Declara\u00e7\u00e3o de Reconhecimento de Tempo Especial em Atividades Sob Condi\u00e7\u00f5es Especiais<\/strong> est\u00e1 dispon\u00edvel <a href=\"https:\/\/www.iprev.df.gov.br\/documents\/d\/guest\/diagramacao_do_manual_de_declaracao_de_reconhecimento_de_tempo_especial_em_atividades_sob_condicoes_especiais-pdf\" target=\"_new\" rel=\"noopener\">aqui<\/a>.<\/li>\n<li>\u00c9 poss\u00edvel fazer o c\u00e1lculo estimado de tempo para a aposentadoria no site do <strong>Tribunal de Contas do DF<\/strong>. Acesse <a href=\"https:\/\/calculadora-aposentadorias.tc.df.gov.br\/\" target=\"_new\" rel=\"noopener\">aqui<\/a>.<\/li>\n<\/ul>\n","protected":false},"excerpt":{"rendered":"<p>No dia 11 de novembro, aconteceu o I F\u00f3rum Caminhos para a Aposentadoria, promovido pela Secretaria de Sa\u00fade do Distrito Federal (SES-DF). O evento foi uma iniciativa da Subsecretaria de Gest\u00e3o de Pessoas (SUGEP), por meio da Ger\u00eancia de Aposentadorias e Pens\u00f5es (GAPE), com o objetivo de oferecer aos servidores orienta\u00e7\u00f5es e esclarecimentos sobre o [&hellip;]<\/p>\n","protected":false},"author":4,"featured_media":7647,"comment_status":"open","ping_status":"open","sticky":false,"template":"","format":"standard","meta":{"footnotes":""},"categories":[4],"tags":[],"class_list":["post-7646","post","type-post","status-publish","format-standard","has-post-thumbnail","hentry","category-noticias"],"post_mailing_queue_ids":[],"_links":{"self":[{"href":"https:\/\/www.sodf.org.br\/wordpress\/wp-json\/wp\/v2\/posts\/7646","targetHints":{"allow":["GET"]}}],"collection":[{"href":"https:\/\/www.sodf.org.br\/wordpress\/wp-json\/wp\/v2\/posts"}],"about":[{"href":"https:\/\/www.sodf.org.br\/wordpress\/wp-json\/wp\/v2\/types\/post"}],"author":[{"embeddable":true,"href":"https:\/\/www.sodf.org.br\/wordpress\/wp-json\/wp\/v2\/users\/4"}],"replies":[{"embeddable":true,"href":"https:\/\/www.sodf.org.br\/wordpress\/wp-json\/wp\/v2\/comments?post=7646"}],"version-history":[{"count":1,"href":"https:\/\/www.sodf.org.br\/wordpress\/wp-json\/wp\/v2\/posts\/7646\/revisions"}],"predecessor-version":[{"id":7648,"href":"https:\/\/www.sodf.org.br\/wordpress\/wp-json\/wp\/v2\/posts\/7646\/revisions\/7648"}],"wp:featuredmedia":[{"embeddable":true,"href":"https:\/\/www.sodf.org.br\/wordpress\/wp-json\/wp\/v2\/media\/7647"}],"wp:attachment":[{"href":"https:\/\/www.sodf.org.br\/wordpress\/wp-json\/wp\/v2\/media?parent=7646"}],"wp:term":[{"taxonomy":"category","embeddable":true,"href":"https:\/\/www.sodf.org.br\/wordpress\/wp-json\/wp\/v2\/categories?post=7646"},{"taxonomy":"post_tag","embeddable":true,"href":"https:\/\/www.sodf.org.br\/wordpress\/wp-json\/wp\/v2\/tags?post=7646"}],"curies":[{"name":"wp","href":"https:\/\/api.w.org\/{rel}","templated":true}]}}