{"id":7642,"date":"2024-11-07T15:54:23","date_gmt":"2024-11-07T18:54:23","guid":{"rendered":"https:\/\/www.sodf.org.br\/wordpress\/?p=7642"},"modified":"2024-11-07T15:54:23","modified_gmt":"2024-11-07T18:54:23","slug":"nota-de-repudio-a-extincao-do-regime-juridico-unico","status":"publish","type":"post","link":"https:\/\/www.sodf.org.br\/wordpress\/nota-de-repudio-a-extincao-do-regime-juridico-unico\/","title":{"rendered":"Nota de Rep\u00fadio \u00e0 Extin\u00e7\u00e3o do Regime Jur\u00eddico \u00danico"},"content":{"rendered":"<p>O <strong>Sindicato dos Odontologistas do Distrito Federal (SODF)<\/strong> vem, por meio desta nota, expressar seu profundo rep\u00fadio \u00e0 decis\u00e3o do <strong>Supremo Tribunal Federal (STF)<\/strong> que, em 6 de novembro de 2024, aprovou, por 8 votos a 3, a extin\u00e7\u00e3o do <strong>Regime Jur\u00eddico \u00danico<\/strong> para os servidores p\u00fablicos.<\/p>\n<p>Tal medida compromete a estabilidade e a autonomia dos servidores, direitos garantidos pela <strong>Constitui\u00e7\u00e3o Federal de 1988<\/strong>, e coloca em risco o fortalecimento do servi\u00e7o p\u00fablico. Ao permitir modalidades de contrata\u00e7\u00e3o flex\u00edveis e desvinculadas do Regime Jur\u00eddico \u00danico, a decis\u00e3o favorece a precariza\u00e7\u00e3o das condi\u00e7\u00f5es de trabalho e possibilita persegui\u00e7\u00f5es pol\u00edticas, al\u00e9m de abrir espa\u00e7o para a contrata\u00e7\u00e3o de apadrinhados pol\u00edticos, enfraquecendo o compromisso com um atendimento p\u00fablico qualificado e justo.<\/p>\n<p>Al\u00e9m disso, essa medida permite ao Estado descumprir obriga\u00e7\u00f5es fundamentais, como a implementa\u00e7\u00e3o de planos de carreira para servidores contratados sob o regime celetista, prejudicando a valoriza\u00e7\u00e3o e o desenvolvimento profissional que o servi\u00e7o p\u00fablico necessita para garantir qualidade e efici\u00eancia.<\/p>\n<p><strong>O SODF reafirma seu compromisso com a defesa dos direitos dos servidores e da qualidade do servi\u00e7o p\u00fablico, essenciais para o bem-estar da sociedade, e estar\u00e1 vigilante na luta pela valoriza\u00e7\u00e3o e seguran\u00e7a de todos os profissionais do setor.<\/strong><\/p>\n","protected":false},"excerpt":{"rendered":"<p>O Sindicato dos Odontologistas do Distrito Federal (SODF) vem, por meio desta nota, expressar seu profundo rep\u00fadio \u00e0 decis\u00e3o do Supremo Tribunal Federal (STF) que, em 6 de novembro de 2024, aprovou, por 8 votos a 3, a extin\u00e7\u00e3o do Regime Jur\u00eddico \u00danico para os servidores p\u00fablicos. Tal medida compromete a estabilidade e a autonomia [&hellip;]<\/p>\n","protected":false},"author":4,"featured_media":7643,"comment_status":"open","ping_status":"open","sticky":false,"template":"","format":"standard","meta":{"footnotes":""},"categories":[4],"tags":[],"class_list":["post-7642","post","type-post","status-publish","format-standard","has-post-thumbnail","hentry","category-noticias"],"post_mailing_queue_ids":[],"_links":{"self":[{"href":"https:\/\/www.sodf.org.br\/wordpress\/wp-json\/wp\/v2\/posts\/7642","targetHints":{"allow":["GET"]}}],"collection":[{"href":"https:\/\/www.sodf.org.br\/wordpress\/wp-json\/wp\/v2\/posts"}],"about":[{"href":"https:\/\/www.sodf.org.br\/wordpress\/wp-json\/wp\/v2\/types\/post"}],"author":[{"embeddable":true,"href":"https:\/\/www.sodf.org.br\/wordpress\/wp-json\/wp\/v2\/users\/4"}],"replies":[{"embeddable":true,"href":"https:\/\/www.sodf.org.br\/wordpress\/wp-json\/wp\/v2\/comments?post=7642"}],"version-history":[{"count":1,"href":"https:\/\/www.sodf.org.br\/wordpress\/wp-json\/wp\/v2\/posts\/7642\/revisions"}],"predecessor-version":[{"id":7644,"href":"https:\/\/www.sodf.org.br\/wordpress\/wp-json\/wp\/v2\/posts\/7642\/revisions\/7644"}],"wp:featuredmedia":[{"embeddable":true,"href":"https:\/\/www.sodf.org.br\/wordpress\/wp-json\/wp\/v2\/media\/7643"}],"wp:attachment":[{"href":"https:\/\/www.sodf.org.br\/wordpress\/wp-json\/wp\/v2\/media?parent=7642"}],"wp:term":[{"taxonomy":"category","embeddable":true,"href":"https:\/\/www.sodf.org.br\/wordpress\/wp-json\/wp\/v2\/categories?post=7642"},{"taxonomy":"post_tag","embeddable":true,"href":"https:\/\/www.sodf.org.br\/wordpress\/wp-json\/wp\/v2\/tags?post=7642"}],"curies":[{"name":"wp","href":"https:\/\/api.w.org\/{rel}","templated":true}]}}