{"id":7639,"date":"2024-11-07T14:01:22","date_gmt":"2024-11-07T17:01:22","guid":{"rendered":"https:\/\/www.sodf.org.br\/wordpress\/?p=7639"},"modified":"2024-11-07T14:01:22","modified_gmt":"2024-11-07T17:01:22","slug":"voce-conhece-a-lei-no-14-572","status":"publish","type":"post","link":"https:\/\/www.sodf.org.br\/wordpress\/voce-conhece-a-lei-no-14-572\/","title":{"rendered":"Voc\u00ea conhece a Lei n\u00ba 14.572?"},"content":{"rendered":"<p>No dia 08 de maio de 2023, o presidente da Rep\u00fablica, <strong>Luiz In\u00e1cio Lula da Silva<\/strong>, sancionou a <strong>Lei 14.572<\/strong>, que institui a <strong>Pol\u00edtica Nacional de Sa\u00fade Bucal<\/strong>, estabelecendo dez diretrizes e distribuindo compet\u00eancias para as a\u00e7\u00f5es odontol\u00f3gicas no <strong>SUS<\/strong>.<\/p>\n<p>A pol\u00edtica foi proposta pelo senador <strong>Humberto Costa (PT-PE)<\/strong> por meio do <strong>Projeto de Lei do Senado (PLS) 8\/2017<\/strong>, aprovado em car\u00e1ter terminativo pela <strong>Comiss\u00e3o de Assuntos Sociais<\/strong> em julho de 2017. O senador justificou que era necess\u00e1rio tornar a sa\u00fade bucal uma pol\u00edtica permanente de Estado, com respaldo no plano legal.<\/p>\n<p>Confira a Lei completa <a href=\"https:\/\/normas.leg.br\/?urn=urn:lex:br:federal:lei:2023-05-08;14572\">aqui<\/a>.<\/p>\n<p><strong>Diretrizes e Compet\u00eancias<\/strong><\/p>\n<p>A pol\u00edtica lista <strong>dez diretrizes<\/strong> a serem seguidas na aten\u00e7\u00e3o \u00e0 sa\u00fade bucal no SUS, incluindo o incentivo \u00e0 participa\u00e7\u00e3o de representa\u00e7\u00f5es da sociedade na elabora\u00e7\u00e3o de estrat\u00e9gias futuras. Entre outras diretrizes, o documento obriga o atendimento a toda demanda manifesta e a realiza\u00e7\u00e3o peri\u00f3dica de pesquisas nacionais sobre sa\u00fade bucal.<\/p>\n<p>De acordo com o texto, todas as redes de aten\u00e7\u00e3o \u00e0 sa\u00fade devem oferecer servi\u00e7os relacionados ao cuidado oral.<\/p>\n<p>A <strong>Lei Org\u00e2nica da Sa\u00fade (Lei 8.080, de 1990)<\/strong>, que regula o SUS, tamb\u00e9m foi alterada para definir compet\u00eancias espec\u00edficas para a dire\u00e7\u00e3o nacional, estadual e municipal do sistema de sa\u00fade quanto \u00e0 pol\u00edtica de sa\u00fade bucal. No \u00e2mbito nacional, cabe \u00e0 dire\u00e7\u00e3o a elabora\u00e7\u00e3o de diretrizes e normas para a estrutura\u00e7\u00e3o f\u00edsica e organizacional dos servi\u00e7os de cuidado bucal. As dire\u00e7\u00f5es estaduais do SUS dever\u00e3o coordenar e executar essas a\u00e7\u00f5es, enquanto as dire\u00e7\u00f5es municipais s\u00e3o respons\u00e1veis exclusivamente pela execu\u00e7\u00e3o.<\/p>\n<p><em>Com informa\u00e7\u00f5es da Ag\u00eancia Senado<\/em><\/p>\n","protected":false},"excerpt":{"rendered":"<p>No dia 08 de maio de 2023, o presidente da Rep\u00fablica, Luiz In\u00e1cio Lula da Silva, sancionou a Lei 14.572, que institui a Pol\u00edtica Nacional de Sa\u00fade Bucal, estabelecendo dez diretrizes e distribuindo compet\u00eancias para as a\u00e7\u00f5es odontol\u00f3gicas no SUS. A pol\u00edtica foi proposta pelo senador Humberto Costa (PT-PE) por meio do Projeto de Lei [&hellip;]<\/p>\n","protected":false},"author":4,"featured_media":7640,"comment_status":"open","ping_status":"open","sticky":false,"template":"","format":"standard","meta":{"footnotes":""},"categories":[4],"tags":[],"class_list":["post-7639","post","type-post","status-publish","format-standard","has-post-thumbnail","hentry","category-noticias"],"post_mailing_queue_ids":[],"_links":{"self":[{"href":"https:\/\/www.sodf.org.br\/wordpress\/wp-json\/wp\/v2\/posts\/7639","targetHints":{"allow":["GET"]}}],"collection":[{"href":"https:\/\/www.sodf.org.br\/wordpress\/wp-json\/wp\/v2\/posts"}],"about":[{"href":"https:\/\/www.sodf.org.br\/wordpress\/wp-json\/wp\/v2\/types\/post"}],"author":[{"embeddable":true,"href":"https:\/\/www.sodf.org.br\/wordpress\/wp-json\/wp\/v2\/users\/4"}],"replies":[{"embeddable":true,"href":"https:\/\/www.sodf.org.br\/wordpress\/wp-json\/wp\/v2\/comments?post=7639"}],"version-history":[{"count":1,"href":"https:\/\/www.sodf.org.br\/wordpress\/wp-json\/wp\/v2\/posts\/7639\/revisions"}],"predecessor-version":[{"id":7641,"href":"https:\/\/www.sodf.org.br\/wordpress\/wp-json\/wp\/v2\/posts\/7639\/revisions\/7641"}],"wp:featuredmedia":[{"embeddable":true,"href":"https:\/\/www.sodf.org.br\/wordpress\/wp-json\/wp\/v2\/media\/7640"}],"wp:attachment":[{"href":"https:\/\/www.sodf.org.br\/wordpress\/wp-json\/wp\/v2\/media?parent=7639"}],"wp:term":[{"taxonomy":"category","embeddable":true,"href":"https:\/\/www.sodf.org.br\/wordpress\/wp-json\/wp\/v2\/categories?post=7639"},{"taxonomy":"post_tag","embeddable":true,"href":"https:\/\/www.sodf.org.br\/wordpress\/wp-json\/wp\/v2\/tags?post=7639"}],"curies":[{"name":"wp","href":"https:\/\/api.w.org\/{rel}","templated":true}]}}