{"id":7635,"date":"2024-11-06T17:17:31","date_gmt":"2024-11-06T20:17:31","guid":{"rendered":"https:\/\/www.sodf.org.br\/wordpress\/?p=7635"},"modified":"2024-11-06T17:17:31","modified_gmt":"2024-11-06T20:17:31","slug":"censo-da-forca-de-trabalho-no-sus-aberto-processo-seletivo","status":"publish","type":"post","link":"https:\/\/www.sodf.org.br\/wordpress\/censo-da-forca-de-trabalho-no-sus-aberto-processo-seletivo\/","title":{"rendered":"Censo da For\u00e7a de Trabalho no SUS: aberto processo seletivo"},"content":{"rendered":"<p>Est\u00e3o abertas as inscri\u00e7\u00f5es para o processo seletivo de recenseadoras(es) no estado do Mato Grosso do Sul e no Distrito Federal para atuarem no Censo de For\u00e7a de Trabalho, no \u00e2mbito do Cadastro Nacional de Estabelecimento de Sa\u00fade (CNES). Ao todo ser\u00e3o ofertadas 67 vagas conforme o Edital n\u00ba 17\/2024. A sele\u00e7\u00e3o \u00e9 promovida pelo Minist\u00e9rio da Sa\u00fade, por meio da Secretaria de Gest\u00e3o do Trabalho e da Educa\u00e7\u00e3o na Sa\u00fade (SGTES\/MS), em parceria com a Fiocruz Bras\u00edlia e a Universidade Federal de Santa Maria (UFSM).<\/p>\n<p><span data-contrast=\"auto\"><a href=\"https:\/\/www.fiocruzbrasilia.fiocruz.br\/wp-content\/uploads\/2024\/10\/EDITAL-N.-17.pdf\" target=\"_blank\" rel=\"noopener\">\u00a0Clique aqui para ler o edital<\/a>.\u00a0<\/span><\/p>\n<p>A iniciativa visa fortalecer o Sistema \u00danico de Sa\u00fade (SUS) a partir da an\u00e1lise detalhada e atualizada da distribui\u00e7\u00e3o, forma\u00e7\u00e3o e compet\u00eancias da for\u00e7a de trabalho em sa\u00fade nos territ\u00f3rios, em especial o Mato Grosso do Sul e o Distrito Federal nesta primeira etapa.<\/p>\n<p>O Censo faz parte do\u00a0<a href=\"https:\/\/docs.google.com\/forms\/d\/e\/1FAIpQLSeeoWvKhLjzeM1WAqB5YV4w8zmCdsr7NuM_GiyeilH-bZfMcg\/viewform\" target=\"_blank\" rel=\"noopener\">Curso de Forma\u00e7\u00e3o de Informa\u00e7\u00e3o e Gest\u00e3o do Trabalho em Sa\u00fade<\/a>. No final do processo de forma\u00e7\u00e3o, pessoas com o Ensino M\u00e9dio receber\u00e3o certificado de Forma\u00e7\u00e3o Inicial e Continuada e pessoas com Gradua\u00e7\u00e3o receber\u00e3o certificado de Especializa\u00e7\u00e3o Lato Sensu. Ao todo ser\u00e3o 5 m\u00f3dulos, o primeiro destes m\u00f3dulos ser\u00e1 de car\u00e1ter introdut\u00f3rio, contando com 48 vagas para o Distrito Federal e 53 para o Mato Grosso do Sul. Este m\u00f3dulo faz parte do processo de sele\u00e7\u00e3o, destas, 35 pessoas ser\u00e3o selecionadas para o Mato Grosso do Sul e 32 pessoas para o Distrito Federal. O restante ficar\u00e1 como cadastro reserva.<\/p>\n<p>As inscri\u00e7\u00f5es para o processo seletivo ocorrer\u00e3o de 30 de outubro a 11 de novembro e dever\u00e3o ser\u00a0<a href=\"https:\/\/www.fiocruzbrasilia.fiocruz.br\/processo-seletivo-para-recenseadoresas\/\" target=\"_blank\" rel=\"noopener\">realizadas exclusivamente online<\/a>. Para mais informa\u00e7\u00f5es, os interessados podem entrar em contato pelo e-mail:\u00a0<a href=\"https:\/\/www.fiocruzbrasilia.fiocruz.br\/censo-da-forca-de-trabalho-na-saude-aberto-processo-seletivo\/censofts@fiocruz.br\">censofts@fiocruz.br<\/a>. Os selecionados receber\u00e3o uma bolsa no valor total de R$ 3.000,00 (tr\u00eas mil reais), dividida em tr\u00eas parcelas iguais de R$ 1.000,00 (mil reais) cada, mediante a entrega do produto designado.<\/p>\n<p><strong>Saiba mais<\/strong>\u00a0\u2013 \u00a0O Minist\u00e9rio da Sa\u00fade ao realizar o Censo da For\u00e7a de Trabalho na Sa\u00fade pretende fortalecer o SUS com base na an\u00e1lise detalhada e atualizada da distribui\u00e7\u00e3o, forma\u00e7\u00e3o e compet\u00eancias da for\u00e7a de trabalho em sa\u00fade no Brasil. Os dados coletados durante o Censo dever\u00e3o contribuir para a elabora\u00e7\u00e3o de pol\u00edticas p\u00fablicas mais eficazes, substanciando na melhoria da gest\u00e3o de pessoas, bem como no planejamento das a\u00e7\u00f5es em sa\u00fade nas tr\u00eas esferas. A expectativa \u00e9 que o censo possa alcan\u00e7ar todo o pa\u00eds.<\/p>\n","protected":false},"excerpt":{"rendered":"<p>Est\u00e3o abertas as inscri\u00e7\u00f5es para o processo seletivo de recenseadoras(es) no estado do Mato Grosso do Sul e no Distrito Federal para atuarem no Censo de For\u00e7a de Trabalho, no \u00e2mbito do Cadastro Nacional de Estabelecimento de Sa\u00fade (CNES). Ao todo ser\u00e3o ofertadas 67 vagas conforme o Edital n\u00ba 17\/2024. A sele\u00e7\u00e3o \u00e9 promovida pelo [&hellip;]<\/p>\n","protected":false},"author":4,"featured_media":7636,"comment_status":"open","ping_status":"open","sticky":false,"template":"","format":"standard","meta":{"footnotes":""},"categories":[4],"tags":[],"class_list":["post-7635","post","type-post","status-publish","format-standard","has-post-thumbnail","hentry","category-noticias"],"post_mailing_queue_ids":[],"_links":{"self":[{"href":"https:\/\/www.sodf.org.br\/wordpress\/wp-json\/wp\/v2\/posts\/7635","targetHints":{"allow":["GET"]}}],"collection":[{"href":"https:\/\/www.sodf.org.br\/wordpress\/wp-json\/wp\/v2\/posts"}],"about":[{"href":"https:\/\/www.sodf.org.br\/wordpress\/wp-json\/wp\/v2\/types\/post"}],"author":[{"embeddable":true,"href":"https:\/\/www.sodf.org.br\/wordpress\/wp-json\/wp\/v2\/users\/4"}],"replies":[{"embeddable":true,"href":"https:\/\/www.sodf.org.br\/wordpress\/wp-json\/wp\/v2\/comments?post=7635"}],"version-history":[{"count":1,"href":"https:\/\/www.sodf.org.br\/wordpress\/wp-json\/wp\/v2\/posts\/7635\/revisions"}],"predecessor-version":[{"id":7637,"href":"https:\/\/www.sodf.org.br\/wordpress\/wp-json\/wp\/v2\/posts\/7635\/revisions\/7637"}],"wp:featuredmedia":[{"embeddable":true,"href":"https:\/\/www.sodf.org.br\/wordpress\/wp-json\/wp\/v2\/media\/7636"}],"wp:attachment":[{"href":"https:\/\/www.sodf.org.br\/wordpress\/wp-json\/wp\/v2\/media?parent=7635"}],"wp:term":[{"taxonomy":"category","embeddable":true,"href":"https:\/\/www.sodf.org.br\/wordpress\/wp-json\/wp\/v2\/categories?post=7635"},{"taxonomy":"post_tag","embeddable":true,"href":"https:\/\/www.sodf.org.br\/wordpress\/wp-json\/wp\/v2\/tags?post=7635"}],"curies":[{"name":"wp","href":"https:\/\/api.w.org\/{rel}","templated":true}]}}