{"id":7625,"date":"2024-10-14T15:40:13","date_gmt":"2024-10-14T18:40:13","guid":{"rendered":"https:\/\/www.sodf.org.br\/wordpress\/?p=7625"},"modified":"2024-10-30T15:57:17","modified_gmt":"2024-10-30T18:57:17","slug":"senador-izalci-recebe-sodf-e-cirurgioes-dentistas","status":"publish","type":"post","link":"https:\/\/www.sodf.org.br\/wordpress\/senador-izalci-recebe-sodf-e-cirurgioes-dentistas\/","title":{"rendered":"Senador Izalci recebe SODF e cirurgi\u00f5es-dentistas"},"content":{"rendered":"<p>O Senador Izalci recebeu, na \u00faltima sexta-feira (11\/10), representantes do Sindicato dos Odontologistas e um grupo de profissionais da \u00e1rea para uma reuni\u00e3o dedicada \u00e0 an\u00e1lise da atual situa\u00e7\u00e3o dos cirurgi\u00f5es-dentistas na Secretaria de Sa\u00fade e Educa\u00e7\u00e3o do Distrito Federal.<\/p>\n<p>Durante o encontro, o Senador se atualizou sobre os atendimentos realizados, o n\u00famero de profissionais atuantes, as principais demandas da categoria, a convoca\u00e7\u00e3o de novos profissionais e a necessidade de atualiza\u00e7\u00e3o e constru\u00e7\u00e3o de espa\u00e7os destinados \u00e0 odontologia.<\/p>\n<p>Os profissionais tiveram a oportunidade de relatar casos e solicitar apoio para melhorar a sa\u00fade bucal no DF. O Senador comprometeu-se a dar seguimento \u00e0 pauta e a convocar um grupo de trabalho que auxiliar\u00e1 na resolu\u00e7\u00e3o das demandas apresentadas.<\/p>\n","protected":false},"excerpt":{"rendered":"<p>O Senador Izalci recebeu, na \u00faltima sexta-feira (11\/10), representantes do Sindicato dos Odontologistas e um grupo de profissionais da \u00e1rea para uma reuni\u00e3o dedicada \u00e0 an\u00e1lise da atual situa\u00e7\u00e3o dos cirurgi\u00f5es-dentistas na Secretaria de Sa\u00fade e Educa\u00e7\u00e3o do Distrito Federal. Durante o encontro, o Senador se atualizou sobre os atendimentos realizados, o n\u00famero de profissionais [&hellip;]<\/p>\n","protected":false},"author":4,"featured_media":7626,"comment_status":"open","ping_status":"open","sticky":false,"template":"","format":"standard","meta":{"footnotes":""},"categories":[4],"tags":[],"class_list":["post-7625","post","type-post","status-publish","format-standard","has-post-thumbnail","hentry","category-noticias"],"post_mailing_queue_ids":[],"_links":{"self":[{"href":"https:\/\/www.sodf.org.br\/wordpress\/wp-json\/wp\/v2\/posts\/7625","targetHints":{"allow":["GET"]}}],"collection":[{"href":"https:\/\/www.sodf.org.br\/wordpress\/wp-json\/wp\/v2\/posts"}],"about":[{"href":"https:\/\/www.sodf.org.br\/wordpress\/wp-json\/wp\/v2\/types\/post"}],"author":[{"embeddable":true,"href":"https:\/\/www.sodf.org.br\/wordpress\/wp-json\/wp\/v2\/users\/4"}],"replies":[{"embeddable":true,"href":"https:\/\/www.sodf.org.br\/wordpress\/wp-json\/wp\/v2\/comments?post=7625"}],"version-history":[{"count":2,"href":"https:\/\/www.sodf.org.br\/wordpress\/wp-json\/wp\/v2\/posts\/7625\/revisions"}],"predecessor-version":[{"id":7628,"href":"https:\/\/www.sodf.org.br\/wordpress\/wp-json\/wp\/v2\/posts\/7625\/revisions\/7628"}],"wp:featuredmedia":[{"embeddable":true,"href":"https:\/\/www.sodf.org.br\/wordpress\/wp-json\/wp\/v2\/media\/7626"}],"wp:attachment":[{"href":"https:\/\/www.sodf.org.br\/wordpress\/wp-json\/wp\/v2\/media?parent=7625"}],"wp:term":[{"taxonomy":"category","embeddable":true,"href":"https:\/\/www.sodf.org.br\/wordpress\/wp-json\/wp\/v2\/categories?post=7625"},{"taxonomy":"post_tag","embeddable":true,"href":"https:\/\/www.sodf.org.br\/wordpress\/wp-json\/wp\/v2\/tags?post=7625"}],"curies":[{"name":"wp","href":"https:\/\/api.w.org\/{rel}","templated":true}]}}