{"id":7621,"date":"2024-10-19T10:17:14","date_gmt":"2024-10-19T13:17:14","guid":{"rendered":"https:\/\/www.sodf.org.br\/wordpress\/?p=7621"},"modified":"2024-10-30T15:20:32","modified_gmt":"2024-10-30T18:20:32","slug":"sessao-solene-homenageia-dentistas-do-df","status":"publish","type":"post","link":"https:\/\/www.sodf.org.br\/wordpress\/sessao-solene-homenageia-dentistas-do-df\/","title":{"rendered":"Sess\u00e3o Solene homenageia dentistas do DF"},"content":{"rendered":"<p>No dia 17 de outubro, o Sindicato dos Odontologistas do Distrito Federal (SODF) participou da Sess\u00e3o Solene em comemora\u00e7\u00e3o ao Dia do Cirurgi\u00e3o-Dentista, promovida pelo Deputado Roosevelt Vilela. O evento foi realizado na C\u00e2mara Legislativa do Distrito Federal e contou com a presen\u00e7a do tesoureiro Jos\u00e9 Arnaldo.<\/p>\n<p>Durante o discurso, Jos\u00e9 Arnaldo aproveitou a oportunidade para solicitar o apoio do deputado e dos demais membros da CLDF em rela\u00e7\u00e3o \u00e0 reestrutura\u00e7\u00e3o da carreira e \u00e0 nomea\u00e7\u00e3o dos cirurgi\u00f5es-dentistas aprovados no concurso da SES-DF. Atualmente, a rede de sa\u00fade do DF conta com uma m\u00e9dia de 600 cirurgi\u00f5es-dentistas em atendimento, n\u00famero insuficiente para atender a demanda crescente da popula\u00e7\u00e3o.<\/p>\n<p>\u201cO Sindicato dos Odontologistas do Distrito Federal tem trabalhado incansavelmente para garantir a valoriza\u00e7\u00e3o e o reconhecimento dos profissionais de odontologia. Nosso esfor\u00e7o est\u00e1 em buscar condi\u00e7\u00f5es dignas de trabalho, equipara\u00e7\u00e3o salarial justa e avan\u00e7os que permitam aos cirurgi\u00f5es-dentistas exercerem sua profiss\u00e3o com excel\u00eancia e seguran\u00e7a\u201d, destacou Jos\u00e9 Arnaldo.<\/p>\n<p>O SODF, em nome de todos os cirurgi\u00f5es-dentistas do DF, agradece ao deputado pela homenagem e apoio \u00e0 categoria.<\/p>\n","protected":false},"excerpt":{"rendered":"<p>No dia 17 de outubro, o Sindicato dos Odontologistas do Distrito Federal (SODF) participou da Sess\u00e3o Solene em comemora\u00e7\u00e3o ao Dia do Cirurgi\u00e3o-Dentista, promovida pelo Deputado Roosevelt Vilela. O evento foi realizado na C\u00e2mara Legislativa do Distrito Federal e contou com a presen\u00e7a do tesoureiro Jos\u00e9 Arnaldo. Durante o discurso, Jos\u00e9 Arnaldo aproveitou a oportunidade [&hellip;]<\/p>\n","protected":false},"author":4,"featured_media":7622,"comment_status":"open","ping_status":"open","sticky":false,"template":"","format":"standard","meta":{"footnotes":""},"categories":[4],"tags":[],"class_list":["post-7621","post","type-post","status-publish","format-standard","has-post-thumbnail","hentry","category-noticias"],"post_mailing_queue_ids":[],"_links":{"self":[{"href":"https:\/\/www.sodf.org.br\/wordpress\/wp-json\/wp\/v2\/posts\/7621","targetHints":{"allow":["GET"]}}],"collection":[{"href":"https:\/\/www.sodf.org.br\/wordpress\/wp-json\/wp\/v2\/posts"}],"about":[{"href":"https:\/\/www.sodf.org.br\/wordpress\/wp-json\/wp\/v2\/types\/post"}],"author":[{"embeddable":true,"href":"https:\/\/www.sodf.org.br\/wordpress\/wp-json\/wp\/v2\/users\/4"}],"replies":[{"embeddable":true,"href":"https:\/\/www.sodf.org.br\/wordpress\/wp-json\/wp\/v2\/comments?post=7621"}],"version-history":[{"count":1,"href":"https:\/\/www.sodf.org.br\/wordpress\/wp-json\/wp\/v2\/posts\/7621\/revisions"}],"predecessor-version":[{"id":7623,"href":"https:\/\/www.sodf.org.br\/wordpress\/wp-json\/wp\/v2\/posts\/7621\/revisions\/7623"}],"wp:featuredmedia":[{"embeddable":true,"href":"https:\/\/www.sodf.org.br\/wordpress\/wp-json\/wp\/v2\/media\/7622"}],"wp:attachment":[{"href":"https:\/\/www.sodf.org.br\/wordpress\/wp-json\/wp\/v2\/media?parent=7621"}],"wp:term":[{"taxonomy":"category","embeddable":true,"href":"https:\/\/www.sodf.org.br\/wordpress\/wp-json\/wp\/v2\/categories?post=7621"},{"taxonomy":"post_tag","embeddable":true,"href":"https:\/\/www.sodf.org.br\/wordpress\/wp-json\/wp\/v2\/tags?post=7621"}],"curies":[{"name":"wp","href":"https:\/\/api.w.org\/{rel}","templated":true}]}}