{"id":7619,"date":"2024-10-25T12:12:05","date_gmt":"2024-10-25T15:12:05","guid":{"rendered":"https:\/\/www.sodf.org.br\/wordpress\/?p=7619"},"modified":"2024-10-30T15:14:24","modified_gmt":"2024-10-30T18:14:24","slug":"presidente-do-sodf-homenageio-cirurgioes-dentistas","status":"publish","type":"post","link":"https:\/\/www.sodf.org.br\/wordpress\/presidente-do-sodf-homenageio-cirurgioes-dentistas\/","title":{"rendered":"Presidente do SODF homenageio cirurgi\u00f5es-dentistas"},"content":{"rendered":"<p>Hoje, celebramos o Dia do Cirurgi\u00e3o-Dentista, uma data para homenagear todos os profissionais que dedicam suas vidas a cuidar da sa\u00fade bucal e a transformar a vida dos pacientes.<\/p>\n<p>Ser cirurgi\u00e3o-dentista \u00e9 muito mais do que restaurar sorrisos; \u00e9 promover bem-estar, acolher e contribuir para a qualidade de vida das pessoas. A todos os colegas que seguem firmes nessa miss\u00e3o, nosso respeito e admira\u00e7\u00e3o!<\/p>\n<p>Que possamos continuar avan\u00e7ando, sempre em busca de uma odontologia mais forte, reconhecida e valorizada. Parab\u00e9ns a todos os cirurgi\u00f5es-dentistas pelo nosso dia!<\/p>\n<p>Wendel Teixeira<\/p>\n","protected":false},"excerpt":{"rendered":"<p>Hoje, celebramos o Dia do Cirurgi\u00e3o-Dentista, uma data para homenagear todos os profissionais que dedicam suas vidas a cuidar da sa\u00fade bucal e a transformar a vida dos pacientes. Ser cirurgi\u00e3o-dentista \u00e9 muito mais do que restaurar sorrisos; \u00e9 promover bem-estar, acolher e contribuir para a qualidade de vida das pessoas. A todos os colegas [&hellip;]<\/p>\n","protected":false},"author":4,"featured_media":7394,"comment_status":"open","ping_status":"open","sticky":false,"template":"","format":"standard","meta":{"footnotes":""},"categories":[4],"tags":[],"class_list":["post-7619","post","type-post","status-publish","format-standard","has-post-thumbnail","hentry","category-noticias"],"post_mailing_queue_ids":[],"_links":{"self":[{"href":"https:\/\/www.sodf.org.br\/wordpress\/wp-json\/wp\/v2\/posts\/7619","targetHints":{"allow":["GET"]}}],"collection":[{"href":"https:\/\/www.sodf.org.br\/wordpress\/wp-json\/wp\/v2\/posts"}],"about":[{"href":"https:\/\/www.sodf.org.br\/wordpress\/wp-json\/wp\/v2\/types\/post"}],"author":[{"embeddable":true,"href":"https:\/\/www.sodf.org.br\/wordpress\/wp-json\/wp\/v2\/users\/4"}],"replies":[{"embeddable":true,"href":"https:\/\/www.sodf.org.br\/wordpress\/wp-json\/wp\/v2\/comments?post=7619"}],"version-history":[{"count":1,"href":"https:\/\/www.sodf.org.br\/wordpress\/wp-json\/wp\/v2\/posts\/7619\/revisions"}],"predecessor-version":[{"id":7620,"href":"https:\/\/www.sodf.org.br\/wordpress\/wp-json\/wp\/v2\/posts\/7619\/revisions\/7620"}],"wp:featuredmedia":[{"embeddable":true,"href":"https:\/\/www.sodf.org.br\/wordpress\/wp-json\/wp\/v2\/media\/7394"}],"wp:attachment":[{"href":"https:\/\/www.sodf.org.br\/wordpress\/wp-json\/wp\/v2\/media?parent=7619"}],"wp:term":[{"taxonomy":"category","embeddable":true,"href":"https:\/\/www.sodf.org.br\/wordpress\/wp-json\/wp\/v2\/categories?post=7619"},{"taxonomy":"post_tag","embeddable":true,"href":"https:\/\/www.sodf.org.br\/wordpress\/wp-json\/wp\/v2\/tags?post=7619"}],"curies":[{"name":"wp","href":"https:\/\/api.w.org\/{rel}","templated":true}]}}