{"id":7615,"date":"2024-10-28T15:00:43","date_gmt":"2024-10-28T18:00:43","guid":{"rendered":"https:\/\/www.sodf.org.br\/wordpress\/?p=7615"},"modified":"2024-10-31T12:07:57","modified_gmt":"2024-10-31T15:07:57","slug":"sodf-realiza-primeiro-baile-para-dentistas","status":"publish","type":"post","link":"https:\/\/www.sodf.org.br\/wordpress\/sodf-realiza-primeiro-baile-para-dentistas\/","title":{"rendered":"SODF realiza primeiro baile para dentistas"},"content":{"rendered":"<p>O Sindicato dos Odontologistas do Distrito Federal realizou, no dia 26 de outubro, o primeiro baile em comemora\u00e7\u00e3o ao Dia do Cirurgi\u00e3o-Dentista. O evento aconteceu no sal\u00e3o Grande Oriente, na 913 sul.<\/p>\n<p>Foi um momento especial para celebrar ao lado dos colegas de profiss\u00e3o, reconhecendo a dedica\u00e7\u00e3o e o compromisso de cada um no trabalho di\u00e1rio. A noite foi marcada por muita alegria e divertimento.<\/p>\n<p>\u201cA odontologia \u00e9 uma das profiss\u00f5es mais belas que existem, onde a ci\u00eancia ela se mistura com a arte. Estamos nos consult\u00f3rios, nos hospitais, nas UTIs, nos centros cirurgicos trabalhando para dar uma sa\u00fade bucal de qualidade para a popula\u00e7\u00e3o do DF e levar qualidade de vida\u201d, afirmou o presidente do SODF, Wendel Teixeira.<\/p>\n<p>Al\u00e9m dos cirurgi\u00f5es-dentistas filiados, o baile contou com a presen\u00e7a do Deputado Distrital Gabriel Magno, do secret\u00e1rio executivo do Minist\u00e9rio da Sa\u00fade, Swedenberger Barbosa, o presidente do Conselho Regional de Odontologia, Carlos Henrique Guimar\u00e3es J\u00fanior e o presidente da Associa\u00e7\u00e3o Brasileira de Odontologia, Marcelo Bas\u00edlio da Motta.<\/p>\n<p>Este foi o primeiro Baile que o SODF proporcionou sozinho aos dentistas filiados para comemorar a data da profiss\u00e3o.<\/p>\n","protected":false},"excerpt":{"rendered":"<p>O Sindicato dos Odontologistas do Distrito Federal realizou, no dia 26 de outubro, o primeiro baile em comemora\u00e7\u00e3o ao Dia do Cirurgi\u00e3o-Dentista. O evento aconteceu no sal\u00e3o Grande Oriente, na 913 sul. Foi um momento especial para celebrar ao lado dos colegas de profiss\u00e3o, reconhecendo a dedica\u00e7\u00e3o e o compromisso de cada um no trabalho [&hellip;]<\/p>\n","protected":false},"author":4,"featured_media":7617,"comment_status":"open","ping_status":"open","sticky":false,"template":"","format":"standard","meta":{"footnotes":""},"categories":[4],"tags":[],"class_list":["post-7615","post","type-post","status-publish","format-standard","has-post-thumbnail","hentry","category-noticias"],"post_mailing_queue_ids":[],"_links":{"self":[{"href":"https:\/\/www.sodf.org.br\/wordpress\/wp-json\/wp\/v2\/posts\/7615","targetHints":{"allow":["GET"]}}],"collection":[{"href":"https:\/\/www.sodf.org.br\/wordpress\/wp-json\/wp\/v2\/posts"}],"about":[{"href":"https:\/\/www.sodf.org.br\/wordpress\/wp-json\/wp\/v2\/types\/post"}],"author":[{"embeddable":true,"href":"https:\/\/www.sodf.org.br\/wordpress\/wp-json\/wp\/v2\/users\/4"}],"replies":[{"embeddable":true,"href":"https:\/\/www.sodf.org.br\/wordpress\/wp-json\/wp\/v2\/comments?post=7615"}],"version-history":[{"count":1,"href":"https:\/\/www.sodf.org.br\/wordpress\/wp-json\/wp\/v2\/posts\/7615\/revisions"}],"predecessor-version":[{"id":7618,"href":"https:\/\/www.sodf.org.br\/wordpress\/wp-json\/wp\/v2\/posts\/7615\/revisions\/7618"}],"wp:featuredmedia":[{"embeddable":true,"href":"https:\/\/www.sodf.org.br\/wordpress\/wp-json\/wp\/v2\/media\/7617"}],"wp:attachment":[{"href":"https:\/\/www.sodf.org.br\/wordpress\/wp-json\/wp\/v2\/media?parent=7615"}],"wp:term":[{"taxonomy":"category","embeddable":true,"href":"https:\/\/www.sodf.org.br\/wordpress\/wp-json\/wp\/v2\/categories?post=7615"},{"taxonomy":"post_tag","embeddable":true,"href":"https:\/\/www.sodf.org.br\/wordpress\/wp-json\/wp\/v2\/tags?post=7615"}],"curies":[{"name":"wp","href":"https:\/\/api.w.org\/{rel}","templated":true}]}}