{"id":7610,"date":"2024-10-10T11:49:42","date_gmt":"2024-10-10T14:49:42","guid":{"rendered":"https:\/\/www.sodf.org.br\/wordpress\/?p=7610"},"modified":"2024-10-10T11:49:42","modified_gmt":"2024-10-10T14:49:42","slug":"cigarro-eletronico-aumenta-risco-de-problemas-nos-dentes-e-na-gengiva","status":"publish","type":"post","link":"https:\/\/www.sodf.org.br\/wordpress\/cigarro-eletronico-aumenta-risco-de-problemas-nos-dentes-e-na-gengiva\/","title":{"rendered":"Cigarro eletr\u00f4nico aumenta risco de problemas nos dentes e na gengiva"},"content":{"rendered":"<h2 class=\"Text__TextBase-sc-1d75gww-0 cUGlZd noticiaCabecalho__subtitulo\">Revis\u00e3o de estudos destaca uma s\u00e9rie de dist\u00farbios s\u00e9rios que esses dispositivos podem provocar na boca<\/h2>\n<p>O uso de cigarros eletr\u00f4nicos, tamb\u00e9m conhecidos como \u201cvapes\u201d, tem aumentado em diversos pa\u00edses \u2014 inclusive no Brasil. Entre 2018 e 2023, o\u00a0<a href=\"https:\/\/www.metropoles.com\/colunas\/vapes-no-brasil-estatisticas-mostram-necessidade-de-regulamentacao\" target=\"_blank\" rel=\"noopener\">uso desses dispositivos cresceu 600% no pa\u00eds<\/a>, segundo o instituto Intelig\u00eancia em Pesquisa e Consultoria Estrat\u00e9gica (Ipec). No entanto, crescem tamb\u00e9m as evid\u00eancias dos malef\u00edcios desses produtos \u00e0 sa\u00fade de quem os usa.<\/p>\n<div class=\"m-banner-wrap m-banner-rectangle m-publicity-content-middle\">\n<div id=\"div-gpt-ad-saude-quadrado-1\" class=\"ad-displayed\" data-gtm-vis-recent-on-screen104869357_328=\"107081\" data-gtm-vis-first-on-screen104869357_328=\"107081\" data-gtm-vis-total-visible-time104869357_328=\"100\" data-gtm-vis-has-fired104869357_328=\"1\" data-google-query-id=\"CJzCtrn2g4kDFaM9uQYdRP8DWQ\">\n<p data-gtm-vis-recent-on-screen104869357_94=\"109468\" data-gtm-vis-first-on-screen104869357_94=\"109468\" data-gtm-vis-total-visible-time104869357_94=\"100\" data-gtm-vis-has-fired104869357_94=\"1\">Um exemplo recente \u00e9 uma uma revis\u00e3o de trabalhos cient\u00edficos feita por pesquisadores da Universidade de Oviedo, na Espanha, que observou danos \u00e0 sa\u00fade bucal nos usu\u00e1rios de vapes. Ao todo, foram selecionados oito trabalhos, que envolveram 31.647 participantes.<\/p>\n<p>Os resultados revelam que quem tem o h\u00e1bito de fumar cigarro eletr\u00f4nico corre\u00a0<a href=\"https:\/\/www.metropoles.com\/saude\/cigarro-eletronico-aumenta-risco-de-caries-diz-estudo\" target=\"_blank\" rel=\"noopener\">mais risco de desenvolver c\u00e1ries<\/a>, doen\u00e7as nas gengivas, inflama\u00e7\u00f5es orais em geral, les\u00f5es que podem se tornar malignas e complica\u00e7\u00f5es em enfermidades bucais j\u00e1 existentes. \u201cApesar de relativamente novos no mercado, j\u00e1 se sabe que eles s\u00e3o muito prejudiciais \u00e0 boca, podendo at\u00e9 superar os cigarros convencionais.<\/p>\n<p>Afinal, eles n\u00e3o possuem regulamenta\u00e7\u00e3o e, por isso, n\u00e3o sabemos exatamente o que cada vaporizador cont\u00e9m\u201d, afirma o odontologista Marcelo Cavenague, presidente da C\u00e2mara T\u00e9cnica de Periodontia do Conselho Regional de Odontologia de S\u00e3o Paulo (Crosp).<\/p>\n<p>Para os profissionais da \u00e1rea, os perigos oferecidos pelos cigarros eletr\u00f4nicos n\u00e3o s\u00e3o novidade. Al\u00e9m de diversos estudos sobre o tema, h\u00e1 cada vez mais pacientes que fumam por meio desses dispositivos.<\/p>\n<div class=\"\">\n<div id=\"teads-ad-1\" data-gtm-vis-polling-id104869357_368=\"658223\"><\/div>\n<\/div>\n<p>\u201cAs pesquisas indicam um maior risco de\u00a0<a href=\"https:\/\/www.metropoles.com\/dino\/gengivite-atinge-90-da-populacao-e-exige-cuidados\" target=\"_blank\" rel=\"noopener\">desenvolver doen\u00e7as de gengiva,<\/a>\u00a0como gengivite e periodontite, e c\u00e1ries at\u00edpicas, especialmente na face da frente dos dentes anteriores, onde h\u00e1 maior contato com esse vapor adocicado\u201d, explica o cirurgi\u00e3o dentista especializado em estomatologia Celso Augusto Lemos Junior, membro do Crosp.<\/p>\n<p>\u201cEstudos in vitro j\u00e1 demonstraram danos celulares que podem levar a um aumento no risco de les\u00f5es com potencial de se transformarem em malignas, ou seja, de virarem um c\u00e2ncer\u201d, acrescenta o especialista.<\/p>\n<p>Fonte: Portal Metr\u00f3poles<\/p>\n<\/div>\n<\/div>\n","protected":false},"excerpt":{"rendered":"<p>Revis\u00e3o de estudos destaca uma s\u00e9rie de dist\u00farbios s\u00e9rios que esses dispositivos podem provocar na boca O uso de cigarros eletr\u00f4nicos, tamb\u00e9m conhecidos como \u201cvapes\u201d, tem aumentado em diversos pa\u00edses \u2014 inclusive no Brasil. Entre 2018 e 2023, o\u00a0uso desses dispositivos cresceu 600% no pa\u00eds, segundo o instituto Intelig\u00eancia em Pesquisa e Consultoria Estrat\u00e9gica (Ipec). [&hellip;]<\/p>\n","protected":false},"author":4,"featured_media":7611,"comment_status":"open","ping_status":"open","sticky":false,"template":"","format":"standard","meta":{"footnotes":""},"categories":[4],"tags":[],"class_list":["post-7610","post","type-post","status-publish","format-standard","has-post-thumbnail","hentry","category-noticias"],"post_mailing_queue_ids":[],"_links":{"self":[{"href":"https:\/\/www.sodf.org.br\/wordpress\/wp-json\/wp\/v2\/posts\/7610","targetHints":{"allow":["GET"]}}],"collection":[{"href":"https:\/\/www.sodf.org.br\/wordpress\/wp-json\/wp\/v2\/posts"}],"about":[{"href":"https:\/\/www.sodf.org.br\/wordpress\/wp-json\/wp\/v2\/types\/post"}],"author":[{"embeddable":true,"href":"https:\/\/www.sodf.org.br\/wordpress\/wp-json\/wp\/v2\/users\/4"}],"replies":[{"embeddable":true,"href":"https:\/\/www.sodf.org.br\/wordpress\/wp-json\/wp\/v2\/comments?post=7610"}],"version-history":[{"count":1,"href":"https:\/\/www.sodf.org.br\/wordpress\/wp-json\/wp\/v2\/posts\/7610\/revisions"}],"predecessor-version":[{"id":7612,"href":"https:\/\/www.sodf.org.br\/wordpress\/wp-json\/wp\/v2\/posts\/7610\/revisions\/7612"}],"wp:featuredmedia":[{"embeddable":true,"href":"https:\/\/www.sodf.org.br\/wordpress\/wp-json\/wp\/v2\/media\/7611"}],"wp:attachment":[{"href":"https:\/\/www.sodf.org.br\/wordpress\/wp-json\/wp\/v2\/media?parent=7610"}],"wp:term":[{"taxonomy":"category","embeddable":true,"href":"https:\/\/www.sodf.org.br\/wordpress\/wp-json\/wp\/v2\/categories?post=7610"},{"taxonomy":"post_tag","embeddable":true,"href":"https:\/\/www.sodf.org.br\/wordpress\/wp-json\/wp\/v2\/tags?post=7610"}],"curies":[{"name":"wp","href":"https:\/\/api.w.org\/{rel}","templated":true}]}}