{"id":7603,"date":"2024-10-08T12:53:11","date_gmt":"2024-10-08T15:53:11","guid":{"rendered":"https:\/\/www.sodf.org.br\/wordpress\/?p=7603"},"modified":"2024-10-08T12:53:11","modified_gmt":"2024-10-08T15:53:11","slug":"a-importancia-do-brasil-sorridente-e-o-papel-do-controle-social-na-garantia-do-acesso-a-saude-bucal-como-direito-humano","status":"publish","type":"post","link":"https:\/\/www.sodf.org.br\/wordpress\/a-importancia-do-brasil-sorridente-e-o-papel-do-controle-social-na-garantia-do-acesso-a-saude-bucal-como-direito-humano\/","title":{"rendered":"A import\u00e2ncia do Brasil Sorridente e o papel do Controle Social na garantia do acesso \u00e0 sa\u00fade bucal como direito humano"},"content":{"rendered":"<p data-pm-slice=\"1 1 []\">A Comiss\u00e3o Intersetorial de Sa\u00fade Bucal (CISB) do Conselho Nacional de Sa\u00fade (CNS), realiza no pr\u00f3ximo dia 16 de outubro o <strong>Semin\u00e1rio da Pol\u00edtica Nacional de Sa\u00fade Bucal (Brasil Sorridente)<\/strong>\u00a0e o papel do controle social na garantia desse acesso como um direito humano. O evento, que ocorrer\u00e1 das 9h \u00e0s 18h, presencialmente em Bras\u00edlia, reunir\u00e1 especialistas, usu\u00e1rios, parlamentares, conselheiras e conselheiros nacionais de sa\u00fade em uma discuss\u00e3o sobre o impacto e a implementa\u00e7\u00e3o dessa pol\u00edtica p\u00fablica crucial.<\/p>\n<p>O evento \u00e9 presencial, sujeito \u00e0 lota\u00e7\u00e3o. Para participar \u00e9 necess\u00e1rio fazer a inscri\u00e7\u00e3o por meio de\u00a0<strong><a class=\"external-link\" title=\"\" href=\"https:\/\/forms.gle\/xPigLYbVWF6hdvH97\" target=\"_blank\" rel=\"noopener\" data-tippreview-enabled=\"false\" data-tippreview-image=\"\" data-tippreview-title=\"\">formul\u00e1rio virtual<\/a><\/strong>.<\/p>\n<p>O semin\u00e1rio busca aprofundar o debate sobre a implementa\u00e7\u00e3o da Pol\u00edtica Nacional de Sa\u00fade Bucal, com a participa\u00e7\u00e3o de especialistas, integrantes da CISB, usu\u00e1rios, parlamentares e conselheiros nacionais de sa\u00fade. O objetivo \u00e9 ampliar o conhecimento sobre o tema, promovendo um espa\u00e7o democr\u00e1tico para que a sociedade, por meio do controle social, discuta e se aproprie das quest\u00f5es<\/p>\n<p>Outro prop\u00f3sito do semin\u00e1rio \u00e9 promover o debate sobre o papel do controle social na implementa\u00e7\u00e3o e acompanhamento da Pol\u00edtica Nacional de Sa\u00fade Bucal. A sociedade, por meio dos conselhos de sa\u00fade e outras inst\u00e2ncias de participa\u00e7\u00e3o popular, desempenham um papel fundamental na constru\u00e7\u00e3o de pol\u00edticas p\u00fablicas que garantam os direitos conquistados.<\/p>\n<p>A atividade se debru\u00e7a sobre um marco hist\u00f3rico para a sa\u00fade p\u00fablica no Brasil: a san\u00e7\u00e3o da Lei n\u00ba 14.572\/23, que incorporou a Pol\u00edtica Nacional de Sa\u00fade Bucal \u00e0 Lei Org\u00e2nica da Sa\u00fade. A medida, sancionada pelo presidente Luiz In\u00e1cio Lula da Silva, consolidou a sa\u00fade bucal como um direito garantido a todos os brasileiros, refor\u00e7ando a inclus\u00e3o desse cuidado no Sistema \u00danico de Sa\u00fade (SUS).\u00a0 A inclus\u00e3o da pol\u00edtica Brasil Sorridente refor\u00e7ou a import\u00e2ncia do acesso universal \u00e0 sa\u00fade bucal e o compromisso do Governo Federal com a aten\u00e7\u00e3o integral \u00e0 sa\u00fade da popula\u00e7\u00e3o.<\/p>\n<p class=\" \"><strong>Participa\u00e7\u00e3o e Compromisso com o SUS<\/strong><\/p>\n<p>A realiza\u00e7\u00e3o deste semin\u00e1rio reafirma o compromisso do CNS em defender um Sistema \u00danico de Sa\u00fade que seja p\u00fablico, universal e de qualidade. Al\u00e9m de promover a participa\u00e7\u00e3o social, o evento visa criar um espa\u00e7o de aprendizado e troca de conhecimento sobre a sa\u00fade bucal como um direito humano, oferecendo \u00e0 popula\u00e7\u00e3o meios para acompanhar de perto as pol\u00edticas p\u00fablicas que impactam seu dia a dia.<\/p>\n<p>Leia a mat\u00e9ria completa <a href=\"https:\/\/www.gov.br\/conselho-nacional-de-saude\/pt-br\/assuntos\/noticias\/a-importancia-do-brasil-sorridente-e-o-papel-do-controle-social-na-garantia-do-acesso-a-saude-bucal-como-direito-humano\">aqui<\/a>.<\/p>\n","protected":false},"excerpt":{"rendered":"<p>A Comiss\u00e3o Intersetorial de Sa\u00fade Bucal (CISB) do Conselho Nacional de Sa\u00fade (CNS), realiza no pr\u00f3ximo dia 16 de outubro o Semin\u00e1rio da Pol\u00edtica Nacional de Sa\u00fade Bucal (Brasil Sorridente)\u00a0e o papel do controle social na garantia desse acesso como um direito humano. O evento, que ocorrer\u00e1 das 9h \u00e0s 18h, presencialmente em Bras\u00edlia, reunir\u00e1 [&hellip;]<\/p>\n","protected":false},"author":4,"featured_media":7604,"comment_status":"open","ping_status":"open","sticky":false,"template":"","format":"standard","meta":{"footnotes":""},"categories":[4],"tags":[],"class_list":["post-7603","post","type-post","status-publish","format-standard","has-post-thumbnail","hentry","category-noticias"],"post_mailing_queue_ids":[],"_links":{"self":[{"href":"https:\/\/www.sodf.org.br\/wordpress\/wp-json\/wp\/v2\/posts\/7603","targetHints":{"allow":["GET"]}}],"collection":[{"href":"https:\/\/www.sodf.org.br\/wordpress\/wp-json\/wp\/v2\/posts"}],"about":[{"href":"https:\/\/www.sodf.org.br\/wordpress\/wp-json\/wp\/v2\/types\/post"}],"author":[{"embeddable":true,"href":"https:\/\/www.sodf.org.br\/wordpress\/wp-json\/wp\/v2\/users\/4"}],"replies":[{"embeddable":true,"href":"https:\/\/www.sodf.org.br\/wordpress\/wp-json\/wp\/v2\/comments?post=7603"}],"version-history":[{"count":1,"href":"https:\/\/www.sodf.org.br\/wordpress\/wp-json\/wp\/v2\/posts\/7603\/revisions"}],"predecessor-version":[{"id":7605,"href":"https:\/\/www.sodf.org.br\/wordpress\/wp-json\/wp\/v2\/posts\/7603\/revisions\/7605"}],"wp:featuredmedia":[{"embeddable":true,"href":"https:\/\/www.sodf.org.br\/wordpress\/wp-json\/wp\/v2\/media\/7604"}],"wp:attachment":[{"href":"https:\/\/www.sodf.org.br\/wordpress\/wp-json\/wp\/v2\/media?parent=7603"}],"wp:term":[{"taxonomy":"category","embeddable":true,"href":"https:\/\/www.sodf.org.br\/wordpress\/wp-json\/wp\/v2\/categories?post=7603"},{"taxonomy":"post_tag","embeddable":true,"href":"https:\/\/www.sodf.org.br\/wordpress\/wp-json\/wp\/v2\/tags?post=7603"}],"curies":[{"name":"wp","href":"https:\/\/api.w.org\/{rel}","templated":true}]}}