{"id":7598,"date":"2024-09-30T16:58:47","date_gmt":"2024-09-30T19:58:47","guid":{"rendered":"https:\/\/www.sodf.org.br\/wordpress\/?p=7598"},"modified":"2024-09-30T16:58:47","modified_gmt":"2024-09-30T19:58:47","slug":"sodf-participa-de-reuniao-publica-sobre-ploa-2025","status":"publish","type":"post","link":"https:\/\/www.sodf.org.br\/wordpress\/sodf-participa-de-reuniao-publica-sobre-ploa-2025\/","title":{"rendered":"SODF participa de reuni\u00e3o p\u00fablica sobre PLOA 2025"},"content":{"rendered":"<p><em>Momento permitiu pedir melhorias urgentes para a Sa\u00fade Bucal do DF\u00a0<\/em><\/p>\n<p>Na manh\u00e3 desta segunda-feira (30\/09), o presidente do <strong>Sindicato dos Odontologistas do Distrito Federal (SODF)<\/strong>, <strong>Wendel Teixeira<\/strong>, participou da <strong>reuni\u00e3o p\u00fablica da Comiss\u00e3o de Educa\u00e7\u00e3o, Sa\u00fade e Cultura (CESC)<\/strong> da <strong>C\u00e2mara Legislativa do Distrito Federal (CLDF)<\/strong>. A reuni\u00e3o discutiu o <strong>Projeto de Lei Or\u00e7ament\u00e1ria Anual (PLOA 2025)<\/strong> e outras quest\u00f5es relevantes \u00e0s suas compet\u00eancias, conforme o <strong>PL 1.294\/2024<\/strong>. O evento foi promovido pelo deputado estadual <strong>Gabriel Magno<\/strong>.<\/p>\n<p>Durante a reuni\u00e3o, houve uma apresenta\u00e7\u00e3o detalhada da <strong>PLOA 2025<\/strong>, destacando os <strong>acr\u00e9scimos e decr\u00e9scimos<\/strong> nas \u00e1reas de sa\u00fade, educa\u00e7\u00e3o e cultura. Entre os investimentos na \u00e1rea da sa\u00fade, foi mencionada a constru\u00e7\u00e3o de novas unidades. No entanto, foi ressaltada a <strong>falta de equipes suficientes<\/strong> para atender \u00e0 demanda em todas as \u00e1reas da sa\u00fade.<\/p>\n<p>Aproveitando o espa\u00e7o, o presidente do SODF solicitou a inclus\u00e3o, no or\u00e7amento de 2025, da <strong>convoca\u00e7\u00e3o de mais cirurgi\u00f5es-dentistas<\/strong> para refor\u00e7ar as equipes de trabalho. Al\u00e9m disso, Wendel Teixeira reivindicou a <strong>reestrutura\u00e7\u00e3o da carreira<\/strong> e o <strong>reajuste salarial<\/strong> da categoria.<\/p>\n<p><strong>&#8220;N\u00f3s queremos a ajuda de voc\u00eas para tirar o DF do pior \u00edndice de sa\u00fade bucal do Brasil. Temos um grupo de cirurgi\u00f5es-dentistas aprovados no \u00faltimo concurso, e eu ressalto que s\u00f3 constru\u00edmos sa\u00fade com uma for\u00e7a de trabalho forte e investimento. Para isso, \u00e9 fundamental a convoca\u00e7\u00e3o dos aprovados, a valoriza\u00e7\u00e3o da nossa carreira com a reestrutura\u00e7\u00e3o e o reajuste salarial,&#8221;<\/strong> afirmou o presidente.<\/p>\n<p>Atualmente, o <strong>Distrito Federal<\/strong> enfrenta uma das piores situa\u00e7\u00f5es de sa\u00fade bucal do pa\u00eds, com o sistema p\u00fablico atendendo apenas <strong>30% da demanda populacional<\/strong>. Essa grave defasagem afeta diretamente a <strong>qualidade de vida<\/strong> dos moradores da capital, que sofrem com a falta de acesso a atendimento odontol\u00f3gico adequado.<\/p>\n<p>O <strong>SODF<\/strong> tem como prioridade n\u00e3o apenas garantir <strong>melhores condi\u00e7\u00f5es de trabalho<\/strong> para os cirurgi\u00f5es-dentistas, mas tamb\u00e9m promover uma <strong>melhor qualidade de vida<\/strong> para a popula\u00e7\u00e3o do Distrito Federal, assegurando algo t\u00e3o essencial quanto <strong>poder sorrir com sa\u00fade e dignidade<\/strong>. O sindicato est\u00e1 comprometido em lutar por melhorias que beneficiem toda a sociedade.<\/p>\n<p>&nbsp;<\/p>\n","protected":false},"excerpt":{"rendered":"<p>Momento permitiu pedir melhorias urgentes para a Sa\u00fade Bucal do DF\u00a0 Na manh\u00e3 desta segunda-feira (30\/09), o presidente do Sindicato dos Odontologistas do Distrito Federal (SODF), Wendel Teixeira, participou da reuni\u00e3o p\u00fablica da Comiss\u00e3o de Educa\u00e7\u00e3o, Sa\u00fade e Cultura (CESC) da C\u00e2mara Legislativa do Distrito Federal (CLDF). A reuni\u00e3o discutiu o Projeto de Lei Or\u00e7ament\u00e1ria [&hellip;]<\/p>\n","protected":false},"author":4,"featured_media":7599,"comment_status":"open","ping_status":"open","sticky":false,"template":"","format":"standard","meta":{"footnotes":""},"categories":[4],"tags":[],"class_list":["post-7598","post","type-post","status-publish","format-standard","has-post-thumbnail","hentry","category-noticias"],"post_mailing_queue_ids":[],"_links":{"self":[{"href":"https:\/\/www.sodf.org.br\/wordpress\/wp-json\/wp\/v2\/posts\/7598","targetHints":{"allow":["GET"]}}],"collection":[{"href":"https:\/\/www.sodf.org.br\/wordpress\/wp-json\/wp\/v2\/posts"}],"about":[{"href":"https:\/\/www.sodf.org.br\/wordpress\/wp-json\/wp\/v2\/types\/post"}],"author":[{"embeddable":true,"href":"https:\/\/www.sodf.org.br\/wordpress\/wp-json\/wp\/v2\/users\/4"}],"replies":[{"embeddable":true,"href":"https:\/\/www.sodf.org.br\/wordpress\/wp-json\/wp\/v2\/comments?post=7598"}],"version-history":[{"count":1,"href":"https:\/\/www.sodf.org.br\/wordpress\/wp-json\/wp\/v2\/posts\/7598\/revisions"}],"predecessor-version":[{"id":7600,"href":"https:\/\/www.sodf.org.br\/wordpress\/wp-json\/wp\/v2\/posts\/7598\/revisions\/7600"}],"wp:featuredmedia":[{"embeddable":true,"href":"https:\/\/www.sodf.org.br\/wordpress\/wp-json\/wp\/v2\/media\/7599"}],"wp:attachment":[{"href":"https:\/\/www.sodf.org.br\/wordpress\/wp-json\/wp\/v2\/media?parent=7598"}],"wp:term":[{"taxonomy":"category","embeddable":true,"href":"https:\/\/www.sodf.org.br\/wordpress\/wp-json\/wp\/v2\/categories?post=7598"},{"taxonomy":"post_tag","embeddable":true,"href":"https:\/\/www.sodf.org.br\/wordpress\/wp-json\/wp\/v2\/tags?post=7598"}],"curies":[{"name":"wp","href":"https:\/\/api.w.org\/{rel}","templated":true}]}}