{"id":7591,"date":"2024-09-25T16:17:33","date_gmt":"2024-09-25T19:17:33","guid":{"rendered":"https:\/\/www.sodf.org.br\/wordpress\/?p=7591"},"modified":"2024-09-25T16:17:33","modified_gmt":"2024-09-25T19:17:33","slug":"deputados-prestam-apoio-aos-odontologistas-em-greve-no-df","status":"publish","type":"post","link":"https:\/\/www.sodf.org.br\/wordpress\/deputados-prestam-apoio-aos-odontologistas-em-greve-no-df\/","title":{"rendered":"Deputados prestam apoio aos odontologistas em greve no DF"},"content":{"rendered":"<div class=\"materia mb-40\">\n<p>A paralisa\u00e7\u00e3o dos cirurgi\u00f5es-dentistas do quadro da Secretaria de Sa\u00fade do Distrito Federal repercutiu hoje (24) na C\u00e2mara Legislativa, onde deputados distritais foram \u00e0 tribuna da sess\u00e3o ordin\u00e1ria para prestar apoio \u00e0 categoria. O deputado Jorge Vianna (PSD) defendeu o pleito dos dentistas. \u201cEstamos na unidade da federa\u00e7\u00e3o com uma das piores coberturas de sa\u00fade bucal do pa\u00eds. \u00c9 preciso uma reestrutura\u00e7\u00e3o na carreira. Ainda que o governador tenha dado reajuste em tr\u00eas parcelas, ainda assim h\u00e1 defasagem\u201d, afirmou o distrital.<\/p>\n<p>O deputado Gabriel Magno (PT) pediu ao governo que receba a categoria para negocia\u00e7\u00e3o. \u201cOs cirurgi\u00f5es-dentistas querem o retorno da isonomia com outras categorias, que eles perderam em 2002. O governo tem que negociar com os servidores inclusive para garantir o atendimento \u00e0 popula\u00e7\u00e3o. O DF tem a pior cobertura de sa\u00fade bucal do Brasil e isso \u00e9 inaceit\u00e1vel. N\u00e3o \u00e9 poss\u00edvel que a capital federal, que conta com recursos do fundo constitucional, n\u00e3o garanta condi\u00e7\u00f5es m\u00ednimas para o atendimento e assist\u00eancia \u00e0 popula\u00e7\u00e3o\u201d, disse Magno.<\/p>\n<p>Para o deputado F\u00e1bio F\u00e9lix (PSOL), o governo precisa parar de perseguir categorias em greve. \u201cEssa persegui\u00e7\u00e3o n\u00e3o pode acontecer. Temos que repudiar a criminaliza\u00e7\u00e3o da greve, que \u00e9 um direito constitucional. \u00c9 preciso sentar para dialogar com as categorias. Os servidores est\u00e3o lutando por pol\u00edticas p\u00fablicas\u201d, ressaltou o deputado.<\/p>\n<\/div>\n<p class=\"mb-40\"><a href=\"https:\/\/www.correiobraziliense.com.br\/opiniao\/2024\/09\/6948944-saude-bucal-exige-mais-atencao.html\"><b>Eder Wen &#8211; Ag\u00eancia CLDF<\/b><\/a><\/p>\n","protected":false},"excerpt":{"rendered":"<p>A paralisa\u00e7\u00e3o dos cirurgi\u00f5es-dentistas do quadro da Secretaria de Sa\u00fade do Distrito Federal repercutiu hoje (24) na C\u00e2mara Legislativa, onde deputados distritais foram \u00e0 tribuna da sess\u00e3o ordin\u00e1ria para prestar apoio \u00e0 categoria. O deputado Jorge Vianna (PSD) defendeu o pleito dos dentistas. \u201cEstamos na unidade da federa\u00e7\u00e3o com uma das piores coberturas de sa\u00fade [&hellip;]<\/p>\n","protected":false},"author":4,"featured_media":7592,"comment_status":"open","ping_status":"open","sticky":false,"template":"","format":"standard","meta":{"footnotes":""},"categories":[4],"tags":[],"class_list":["post-7591","post","type-post","status-publish","format-standard","has-post-thumbnail","hentry","category-noticias"],"post_mailing_queue_ids":[],"_links":{"self":[{"href":"https:\/\/www.sodf.org.br\/wordpress\/wp-json\/wp\/v2\/posts\/7591","targetHints":{"allow":["GET"]}}],"collection":[{"href":"https:\/\/www.sodf.org.br\/wordpress\/wp-json\/wp\/v2\/posts"}],"about":[{"href":"https:\/\/www.sodf.org.br\/wordpress\/wp-json\/wp\/v2\/types\/post"}],"author":[{"embeddable":true,"href":"https:\/\/www.sodf.org.br\/wordpress\/wp-json\/wp\/v2\/users\/4"}],"replies":[{"embeddable":true,"href":"https:\/\/www.sodf.org.br\/wordpress\/wp-json\/wp\/v2\/comments?post=7591"}],"version-history":[{"count":1,"href":"https:\/\/www.sodf.org.br\/wordpress\/wp-json\/wp\/v2\/posts\/7591\/revisions"}],"predecessor-version":[{"id":7593,"href":"https:\/\/www.sodf.org.br\/wordpress\/wp-json\/wp\/v2\/posts\/7591\/revisions\/7593"}],"wp:featuredmedia":[{"embeddable":true,"href":"https:\/\/www.sodf.org.br\/wordpress\/wp-json\/wp\/v2\/media\/7592"}],"wp:attachment":[{"href":"https:\/\/www.sodf.org.br\/wordpress\/wp-json\/wp\/v2\/media?parent=7591"}],"wp:term":[{"taxonomy":"category","embeddable":true,"href":"https:\/\/www.sodf.org.br\/wordpress\/wp-json\/wp\/v2\/categories?post=7591"},{"taxonomy":"post_tag","embeddable":true,"href":"https:\/\/www.sodf.org.br\/wordpress\/wp-json\/wp\/v2\/tags?post=7591"}],"curies":[{"name":"wp","href":"https:\/\/api.w.org\/{rel}","templated":true}]}}