{"id":7588,"date":"2024-09-25T16:05:20","date_gmt":"2024-09-25T19:05:20","guid":{"rendered":"https:\/\/www.sodf.org.br\/wordpress\/?p=7588"},"modified":"2024-09-25T16:05:52","modified_gmt":"2024-09-25T19:05:52","slug":"saude-bucal-exige-mais-atencao","status":"publish","type":"post","link":"https:\/\/www.sodf.org.br\/wordpress\/saude-bucal-exige-mais-atencao\/","title":{"rendered":"Sa\u00fade bucal exige mais aten\u00e7\u00e3o"},"content":{"rendered":"<h3><em>A sa\u00fade bucal n\u00e3o \u00e9 s\u00f3 uma quest\u00e3o est\u00e9tica. \u00c9 importante para a sa\u00fade do corpo todo. Pesquisas associam a perda dos dentes a doen\u00e7as graves, como inflama\u00e7\u00f5es sist\u00eamicas e dem\u00eancias<\/em><\/h3>\n<p>&nbsp;<\/p>\n<p class=\"texto\">Sa\u00fade bucal n\u00e3o \u00e9 s\u00f3 uma quest\u00e3o est\u00e9tica. \u00c9\u00a0 importante para a sa\u00fade do corpo todo. Pesquisadores do Brasil e do exterior est\u00e3o dedicados a incluir a perda dos dentes na lista de fatores de risco de doen\u00e7as graves, como inflama\u00e7\u00f5es sist\u00eamicas e dem\u00eancias. Essa conex\u00e3o n\u00e3o \u00e9 del\u00edrio. Est\u00e1 provado que a periodontite \u2014 uma infec\u00e7\u00e3o bacteriana que atinge os tecidos e ossos que sustentam os dentes \u2014 tem rela\u00e7\u00e3o com doen\u00e7as cardiovasculares, como hipertens\u00e3o arterial e AVC. Mas n\u00e3o s\u00f3 isso, o edentulismo (falta dos dentes) est\u00e1 entre as condi\u00e7\u00f5es favor\u00e1veis \u00e0 desnutri\u00e7\u00e3o, obesidade, s\u00edndrome da fragilidade, depress\u00e3o e at\u00e9 dem\u00eancia.<\/p>\n<div class=\"pub-ret pub-retangulo-interna--1\">\n<div id=\"cb-publicidade-retangulo-interna-1-a\" data-google-query-id=\"CNn1_LPi3ogDFX5RuAQd-oQ7eQ\">\n<p class=\"texto\">A s\u00e9rie intitulada Sa\u00fade da boca para dentro, publicada pelo Correio desde\u00a0 domingo e que chega, hoje, \u00e0 \u00faltima reportagem, revela que\u00a0 um dos maiores estudos sobre perda de dentes e mortalidade foi feito por pesquisadores chineses, na Coreia do Sul, com mais de 220 mil pessoas acima de 40 anos. Elas foram divididas em grupos conforme o n\u00famero de dentes perdidos. Uma das conclus\u00f5es foi de que aqueles com mais de tr\u00eas dentes perdidos corriam o risco de mortalidade por todas as causas 1,9 vez maior em rela\u00e7\u00e3o aos que tinham a denti\u00e7\u00e3o conservada.<\/p>\n<p class=\"texto\">Pesquisadores brasileiros v\u00eam avan\u00e7ando em estudos do tipo. O cirurgi\u00e3o-dentista Jo\u00e3o Palmieri afirma que, &#8220;hoje, sabemos que a mastiga\u00e7\u00e3o de determinados alimentos aumenta tremendamente o fluxo sangu\u00edneo, um aumento de 20% na irriga\u00e7\u00e3o no c\u00e9rebro&#8221;, principalmente na regi\u00e3o denominada hipocampo, respons\u00e1vel\u00a0 pelo armazenamento da mem\u00f3ria, e da am\u00edgdala, que est\u00e1 relacionada \u00e0s emo\u00e7\u00f5es. A hip\u00f3tese \u00e9 de que problemas de dente estejam ligados a complica\u00e7\u00f5es cognitivas.<\/p>\n<p class=\"texto\">Por muito tempo, o Brasil levou a pecha de pa\u00eds dos desdentados. A perda dos dentes era compensada com pr\u00f3teses, reconhecidas como dentaduras. At\u00e9 ent\u00e3o, a recupera\u00e7\u00e3o por implantes dent\u00e1rios n\u00e3o existia. Quando surgiu a t\u00e9cnica, ela estava ao alcance de quem tinha bastante dinheiro, e ainda segue proibitiva aos menos abastados. De acordo com os dados Instituto Brasileiro de Geografia e Estat\u00edstica (IBGE), em 2019, 34\u00a0 milh\u00f5es de brasileiros com mais de 18 anos\u00a0 tinham perdido 13 ou mais dentes, e 14 milh\u00f5es n\u00e3o tinham nenhum. O edentulismo era a realidade para mais de 40% dos idosos. Apesar da gravidade,\u00a0 hoje, n\u00e3o h\u00e1 dados atualizados sobre o tema.<\/p>\n<p class=\"texto\">A sa\u00fade bucal se tornou pol\u00edtica de Estado em 2017, com o surgimento do\u00a0 Programa Nacional de Sa\u00fade Bucal (PNSB), que incorporou o programa Brasil Sorridente, lan\u00e7ado 13 anos antes pelo Minist\u00e9rio da Sa\u00fade. Esse cuidado foi negligenciado ao longo da hist\u00f3ria no pa\u00eds que tem o maior n\u00famero de odont\u00f3logos do planeta. Neste ano, o PNSB conta com um or\u00e7amento de R$ 4,3 bilh\u00f5es para investimentos, conforme anunciou o Minist\u00e9rio da Sa\u00fade.<\/p>\n<p>O programa garante limpeza, extra\u00e7\u00f5es, exames em geral para avaliar a necessidade aparelho ou identificar c\u00e2ncer bucal, restaura\u00e7\u00e3o dent\u00e1ria, remo\u00e7\u00e3o de t\u00e1rtaros, extra\u00e7\u00e3o dos dentes sisos, implantes dent\u00e1rios, tratamento de c\u00e1ries, ortodontia, tratamento de canal e at\u00e9 bi\u00f3psia ou periodontia. Mas \u00e9 preciso que a popula\u00e7\u00e3o seja orientada e saiba onde est\u00e3o as cl\u00ednicas credenciadas pelo SUS e que essas instala\u00e7\u00f5es funcionem de fato. Assim como as crian\u00e7as precisam ser orientadas sobre os cuidados com sa\u00fade bucal desde cedo para que o passado deixe de ser algo do presente de milh\u00f5es de jovens e adultos.<\/p>\n<p><a href=\"https:\/\/www.correiobraziliense.com.br\/opiniao\/2024\/09\/6948944-saude-bucal-exige-mais-atencao.html\">Mat\u00e9ria do Correio Braziliense<\/a>.<\/p>\n<\/div>\n<\/div>\n","protected":false},"excerpt":{"rendered":"<p>A sa\u00fade bucal n\u00e3o \u00e9 s\u00f3 uma quest\u00e3o est\u00e9tica. \u00c9 importante para a sa\u00fade do corpo todo. Pesquisas associam a perda dos dentes a doen\u00e7as graves, como inflama\u00e7\u00f5es sist\u00eamicas e dem\u00eancias &nbsp; Sa\u00fade bucal n\u00e3o \u00e9 s\u00f3 uma quest\u00e3o est\u00e9tica. \u00c9\u00a0 importante para a sa\u00fade do corpo todo. Pesquisadores do Brasil e do exterior est\u00e3o [&hellip;]<\/p>\n","protected":false},"author":4,"featured_media":7589,"comment_status":"open","ping_status":"open","sticky":false,"template":"","format":"standard","meta":{"footnotes":""},"categories":[4],"tags":[],"class_list":["post-7588","post","type-post","status-publish","format-standard","has-post-thumbnail","hentry","category-noticias"],"post_mailing_queue_ids":[],"_links":{"self":[{"href":"https:\/\/www.sodf.org.br\/wordpress\/wp-json\/wp\/v2\/posts\/7588","targetHints":{"allow":["GET"]}}],"collection":[{"href":"https:\/\/www.sodf.org.br\/wordpress\/wp-json\/wp\/v2\/posts"}],"about":[{"href":"https:\/\/www.sodf.org.br\/wordpress\/wp-json\/wp\/v2\/types\/post"}],"author":[{"embeddable":true,"href":"https:\/\/www.sodf.org.br\/wordpress\/wp-json\/wp\/v2\/users\/4"}],"replies":[{"embeddable":true,"href":"https:\/\/www.sodf.org.br\/wordpress\/wp-json\/wp\/v2\/comments?post=7588"}],"version-history":[{"count":1,"href":"https:\/\/www.sodf.org.br\/wordpress\/wp-json\/wp\/v2\/posts\/7588\/revisions"}],"predecessor-version":[{"id":7590,"href":"https:\/\/www.sodf.org.br\/wordpress\/wp-json\/wp\/v2\/posts\/7588\/revisions\/7590"}],"wp:featuredmedia":[{"embeddable":true,"href":"https:\/\/www.sodf.org.br\/wordpress\/wp-json\/wp\/v2\/media\/7589"}],"wp:attachment":[{"href":"https:\/\/www.sodf.org.br\/wordpress\/wp-json\/wp\/v2\/media?parent=7588"}],"wp:term":[{"taxonomy":"category","embeddable":true,"href":"https:\/\/www.sodf.org.br\/wordpress\/wp-json\/wp\/v2\/categories?post=7588"},{"taxonomy":"post_tag","embeddable":true,"href":"https:\/\/www.sodf.org.br\/wordpress\/wp-json\/wp\/v2\/tags?post=7588"}],"curies":[{"name":"wp","href":"https:\/\/api.w.org\/{rel}","templated":true}]}}