{"id":7577,"date":"2024-09-20T14:52:36","date_gmt":"2024-09-20T17:52:36","guid":{"rendered":"https:\/\/www.sodf.org.br\/wordpress\/?p=7577"},"modified":"2024-09-23T17:09:46","modified_gmt":"2024-09-23T20:09:46","slug":"gdf-e-notificado-sobre-a-paralisacao-dos-cirurgioes-dentistas","status":"publish","type":"post","link":"https:\/\/www.sodf.org.br\/wordpress\/gdf-e-notificado-sobre-a-paralisacao-dos-cirurgioes-dentistas\/","title":{"rendered":"GDF \u00e9 notificado sobre a paralisa\u00e7\u00e3o dos Cirurgi\u00f5es-Dentistas"},"content":{"rendered":"<p>Amanh\u00e3 (24\/09), acontecer\u00e1 a paralisa\u00e7\u00e3o dos cirurgi\u00f5es-dentistas do Governo do Distrito Federal. Ser\u00e3o 24h com atendimento somente em urg\u00eancias e emerg\u00eancias na odontologia na capital do pa\u00eds. A Casa Civil e as Secretarias de Sa\u00fade e Educa\u00e7\u00e3o j\u00e1 foram notificadas. Os of\u00edcios podem ser conferidos nos links abaixo.<\/p>\n<p>A Constitui\u00e7\u00e3o Federal, em seu artigo 9\u00ba, garante o direito de greve a todos os trabalhadores. Portanto, a participa\u00e7\u00e3o no movimento \u00e9 um direito constitucional, n\u00e3o pode o servidor sofrer penaliza\u00e7\u00f5es por isso.<\/p>\n<p>Lembrando que o SODF e o escrit\u00f3rio de advocacia Riedel est\u00e3o \u00e0 disposi\u00e7\u00e3o para sanar suas d\u00favidas.<\/p>\n<p>Contamos com voc\u00eas a partir das 12h na C\u00e2mara Legislativa do DF.<\/p>\n<p><a href=\"https:\/\/www.sodf.org.br\/wordpress\/wp-content\/uploads\/2024\/09\/OF-087-2024-SES-comunicado-de-paralisacao-2024.pdf\">Oficio para a Secretaria de Sa\u00fade<\/a><\/p>\n<p><a href=\"https:\/\/www.sodf.org.br\/wordpress\/wp-content\/uploads\/2024\/09\/OF-088-2024-SEE-comunicado-de-paralisacao-2024.pdf\">Oficio para a Secretaria de Educa\u00e7\u00e3o<\/a><\/p>\n<p><a href=\"https:\/\/www.sodf.org.br\/wordpress\/wp-content\/uploads\/2024\/09\/OF-089-2024-CASA-CIVIL-comunicado-de-paralisacao-2024.pdf\">Oficio para a Casa Civil<\/a><\/p>\n","protected":false},"excerpt":{"rendered":"<p>Amanh\u00e3 (24\/09), acontecer\u00e1 a paralisa\u00e7\u00e3o dos cirurgi\u00f5es-dentistas do Governo do Distrito Federal. Ser\u00e3o 24h com atendimento somente em urg\u00eancias e emerg\u00eancias na odontologia na capital do pa\u00eds. A Casa Civil e as Secretarias de Sa\u00fade e Educa\u00e7\u00e3o j\u00e1 foram notificadas. Os of\u00edcios podem ser conferidos nos links abaixo. A Constitui\u00e7\u00e3o Federal, em seu artigo 9\u00ba, [&hellip;]<\/p>\n","protected":false},"author":4,"featured_media":7578,"comment_status":"open","ping_status":"open","sticky":false,"template":"","format":"standard","meta":{"footnotes":""},"categories":[4],"tags":[],"class_list":["post-7577","post","type-post","status-publish","format-standard","has-post-thumbnail","hentry","category-noticias"],"post_mailing_queue_ids":[],"_links":{"self":[{"href":"https:\/\/www.sodf.org.br\/wordpress\/wp-json\/wp\/v2\/posts\/7577","targetHints":{"allow":["GET"]}}],"collection":[{"href":"https:\/\/www.sodf.org.br\/wordpress\/wp-json\/wp\/v2\/posts"}],"about":[{"href":"https:\/\/www.sodf.org.br\/wordpress\/wp-json\/wp\/v2\/types\/post"}],"author":[{"embeddable":true,"href":"https:\/\/www.sodf.org.br\/wordpress\/wp-json\/wp\/v2\/users\/4"}],"replies":[{"embeddable":true,"href":"https:\/\/www.sodf.org.br\/wordpress\/wp-json\/wp\/v2\/comments?post=7577"}],"version-history":[{"count":2,"href":"https:\/\/www.sodf.org.br\/wordpress\/wp-json\/wp\/v2\/posts\/7577\/revisions"}],"predecessor-version":[{"id":7583,"href":"https:\/\/www.sodf.org.br\/wordpress\/wp-json\/wp\/v2\/posts\/7577\/revisions\/7583"}],"wp:featuredmedia":[{"embeddable":true,"href":"https:\/\/www.sodf.org.br\/wordpress\/wp-json\/wp\/v2\/media\/7578"}],"wp:attachment":[{"href":"https:\/\/www.sodf.org.br\/wordpress\/wp-json\/wp\/v2\/media?parent=7577"}],"wp:term":[{"taxonomy":"category","embeddable":true,"href":"https:\/\/www.sodf.org.br\/wordpress\/wp-json\/wp\/v2\/categories?post=7577"},{"taxonomy":"post_tag","embeddable":true,"href":"https:\/\/www.sodf.org.br\/wordpress\/wp-json\/wp\/v2\/tags?post=7577"}],"curies":[{"name":"wp","href":"https:\/\/api.w.org\/{rel}","templated":true}]}}