{"id":7571,"date":"2024-09-12T11:17:47","date_gmt":"2024-09-12T14:17:47","guid":{"rendered":"https:\/\/www.sodf.org.br\/wordpress\/?p=7571"},"modified":"2024-09-12T11:18:57","modified_gmt":"2024-09-12T14:18:57","slug":"dentistas-do-df-convocam-assembleia-para-discutir-paralisacao-e-greve-da-categoria","status":"publish","type":"post","link":"https:\/\/www.sodf.org.br\/wordpress\/dentistas-do-df-convocam-assembleia-para-discutir-paralisacao-e-greve-da-categoria\/","title":{"rendered":"SODF convoca Assembleia para discutir paralisa\u00e7\u00e3o e greve"},"content":{"rendered":"<p><em>Uma proposta de reestrutura\u00e7\u00e3o de carreira, reajuste salarial e novas nomea\u00e7\u00f5es foi entregue ao governo h\u00e1 dois meses, sem resposta at\u00e9 o momento<\/em><\/p>\n<p>&nbsp;<\/p>\n<p>O Sindicato dos Odontologistas do Distrito Federal (SODF) convocou todos os cirurgi\u00f5es-dentistas da Secretaria de Sa\u00fade e da Secretaria de Educa\u00e7\u00e3o do DF para uma Assembleia Extraordin\u00e1ria na pr\u00f3xima ter\u00e7a-feira, dia 17 de setembro. O objetivo \u00e9 discutir o indicativo de paralisa\u00e7\u00e3o e greve da categoria diante da falta de resposta do governo \u00e0s demandas apresentadas.<\/p>\n<p>Em julho, o presidente do SODF, Wendel Teixeira, reuniu-se pessoalmente com as secret\u00e1rias de Educa\u00e7\u00e3o e Sa\u00fade para tratar da reestrutura\u00e7\u00e3o da carreira, do reajuste salarial e das novas nomea\u00e7\u00f5es de cirurgi\u00f5es-dentistas. Na ocasi\u00e3o, a secret\u00e1ria de Sa\u00fade, Lucilene Queiroz, garantiu que levaria o assunto ao governador e agendaria uma reuni\u00e3o com outras pastas envolvidas. No entanto, passados dois meses, n\u00e3o houve qualquer movimenta\u00e7\u00e3o por parte do governo.<\/p>\n<p>\u201cO SODF est\u00e1 buscando corrigir uma injusti\u00e7a que perdura h\u00e1 22 anos com a carreira dos cirurgi\u00f5es-dentistas. Vamos lutar pela reestrutura\u00e7\u00e3o da nossa carreira e pela valoriza\u00e7\u00e3o do cirurgi\u00e3o-dentista! Nosso trabalho \u00e9 essencial para a sa\u00fade p\u00fablica\u201d, afirmou Wendel Teixeira, presidente do SODF.<\/p>\n<p>Ap\u00f3s a assembleia da pr\u00f3xima ter\u00e7a-feira, a categoria decidir\u00e1 sobre a possibilidade de paralisa\u00e7\u00e3o ou greve. O sindicato tem buscado incansavelmente o di\u00e1logo com o governo para avan\u00e7ar em propostas que melhorem a sa\u00fade bucal no Distrito Federal e valorizem os cirurgi\u00f5es-dentistas. Contudo, todas as tentativas de negocia\u00e7\u00e3o t\u00eam sido repetidamente ignoradas.<\/p>\n<p>&#8220;Solicitamos tamb\u00e9m a nomea\u00e7\u00e3o dos dentistas que j\u00e1 est\u00e3o previstos na Lei Or\u00e7ament\u00e1ria Anual de 2024, mas s\u00f3 recebemos respostas vagas. Estamos tentando negociar de todas as formas, por\u00e9m tem sido imposs\u00edvel&#8221;, complementa o presidente.<\/p>\n<p>O Governo do Distrito Federal tem se mostrado resistente a dialogar com os servidores da \u00e1rea da sa\u00fade. Essa falta de respeito tamb\u00e9m afeta diretamente os usu\u00e1rios do sistema de sa\u00fade, que muitas vezes n\u00e3o encontram o atendimento necess\u00e1rio devido \u00e0 sobrecarga dos profissionais e ao sucateamento das unidades de sa\u00fade e hospitais.<\/p>\n","protected":false},"excerpt":{"rendered":"<p>Uma proposta de reestrutura\u00e7\u00e3o de carreira, reajuste salarial e novas nomea\u00e7\u00f5es foi entregue ao governo h\u00e1 dois meses, sem resposta at\u00e9 o momento &nbsp; O Sindicato dos Odontologistas do Distrito Federal (SODF) convocou todos os cirurgi\u00f5es-dentistas da Secretaria de Sa\u00fade e da Secretaria de Educa\u00e7\u00e3o do DF para uma Assembleia Extraordin\u00e1ria na pr\u00f3xima ter\u00e7a-feira, dia [&hellip;]<\/p>\n","protected":false},"author":4,"featured_media":7572,"comment_status":"open","ping_status":"open","sticky":false,"template":"","format":"standard","meta":{"footnotes":""},"categories":[4],"tags":[],"class_list":["post-7571","post","type-post","status-publish","format-standard","has-post-thumbnail","hentry","category-noticias"],"post_mailing_queue_ids":[],"_links":{"self":[{"href":"https:\/\/www.sodf.org.br\/wordpress\/wp-json\/wp\/v2\/posts\/7571","targetHints":{"allow":["GET"]}}],"collection":[{"href":"https:\/\/www.sodf.org.br\/wordpress\/wp-json\/wp\/v2\/posts"}],"about":[{"href":"https:\/\/www.sodf.org.br\/wordpress\/wp-json\/wp\/v2\/types\/post"}],"author":[{"embeddable":true,"href":"https:\/\/www.sodf.org.br\/wordpress\/wp-json\/wp\/v2\/users\/4"}],"replies":[{"embeddable":true,"href":"https:\/\/www.sodf.org.br\/wordpress\/wp-json\/wp\/v2\/comments?post=7571"}],"version-history":[{"count":2,"href":"https:\/\/www.sodf.org.br\/wordpress\/wp-json\/wp\/v2\/posts\/7571\/revisions"}],"predecessor-version":[{"id":7574,"href":"https:\/\/www.sodf.org.br\/wordpress\/wp-json\/wp\/v2\/posts\/7571\/revisions\/7574"}],"wp:featuredmedia":[{"embeddable":true,"href":"https:\/\/www.sodf.org.br\/wordpress\/wp-json\/wp\/v2\/media\/7572"}],"wp:attachment":[{"href":"https:\/\/www.sodf.org.br\/wordpress\/wp-json\/wp\/v2\/media?parent=7571"}],"wp:term":[{"taxonomy":"category","embeddable":true,"href":"https:\/\/www.sodf.org.br\/wordpress\/wp-json\/wp\/v2\/categories?post=7571"},{"taxonomy":"post_tag","embeddable":true,"href":"https:\/\/www.sodf.org.br\/wordpress\/wp-json\/wp\/v2\/tags?post=7571"}],"curies":[{"name":"wp","href":"https:\/\/api.w.org\/{rel}","templated":true}]}}