{"id":7564,"date":"2024-09-02T11:42:07","date_gmt":"2024-09-02T14:42:07","guid":{"rendered":"https:\/\/www.sodf.org.br\/wordpress\/?p=7564"},"modified":"2024-09-02T13:40:42","modified_gmt":"2024-09-02T16:40:42","slug":"sodf-realiza-reuniao-com-dep-jorge-viana","status":"publish","type":"post","link":"https:\/\/www.sodf.org.br\/wordpress\/sodf-realiza-reuniao-com-dep-jorge-viana\/","title":{"rendered":"SODF realiza reuni\u00e3o com Dep. Jorge Viana"},"content":{"rendered":"<p>O Sindicato dos Odontologistas do Distrito Federal (SODF) realizou, nesta ter\u00e7a-feira (27\/08), uma reuni\u00e3o na C\u00e2mara Legislativa do DF com o deputado distrital Jorge Viana para discutir a reestrutura\u00e7\u00e3o da carreira e a nomea\u00e7\u00e3o de novos cirurgi\u00f5es-dentistas.<\/p>\n<p>Durante o encontro, foram debatidos pontos fundamentais para o fortalecimento da profiss\u00e3o e a melhoria das condi\u00e7\u00f5es de trabalho dos profissionais da odontologia. O SODF destacou a necessidade de valoriza\u00e7\u00e3o dos cirurgi\u00f5es-dentistas, enfatizando temas como remunera\u00e7\u00e3o justa, reconhecimento profissional, nomea\u00e7\u00e3o de mais profissionais e atualiza\u00e7\u00e3o dos instrumentos de trabalho. O sindicato solicitou o apoio do deputado para avan\u00e7ar com essas pautas junto ao governo.<\/p>\n<p>Al\u00e9m disso, o SODF e o deputado Jorge Viana definiram estrat\u00e9gias para atender a essas demandas e solicitaram uma reuni\u00e3o com a Secretaria de Sa\u00fade para dar continuidade \u00e0s discuss\u00f5es.<\/p>\n","protected":false},"excerpt":{"rendered":"<p>O Sindicato dos Odontologistas do Distrito Federal (SODF) realizou, nesta ter\u00e7a-feira (27\/08), uma reuni\u00e3o na C\u00e2mara Legislativa do DF com o deputado distrital Jorge Viana para discutir a reestrutura\u00e7\u00e3o da carreira e a nomea\u00e7\u00e3o de novos cirurgi\u00f5es-dentistas. Durante o encontro, foram debatidos pontos fundamentais para o fortalecimento da profiss\u00e3o e a melhoria das condi\u00e7\u00f5es de [&hellip;]<\/p>\n","protected":false},"author":4,"featured_media":7565,"comment_status":"open","ping_status":"open","sticky":false,"template":"","format":"standard","meta":{"footnotes":""},"categories":[4],"tags":[],"class_list":["post-7564","post","type-post","status-publish","format-standard","has-post-thumbnail","hentry","category-noticias"],"post_mailing_queue_ids":[],"_links":{"self":[{"href":"https:\/\/www.sodf.org.br\/wordpress\/wp-json\/wp\/v2\/posts\/7564","targetHints":{"allow":["GET"]}}],"collection":[{"href":"https:\/\/www.sodf.org.br\/wordpress\/wp-json\/wp\/v2\/posts"}],"about":[{"href":"https:\/\/www.sodf.org.br\/wordpress\/wp-json\/wp\/v2\/types\/post"}],"author":[{"embeddable":true,"href":"https:\/\/www.sodf.org.br\/wordpress\/wp-json\/wp\/v2\/users\/4"}],"replies":[{"embeddable":true,"href":"https:\/\/www.sodf.org.br\/wordpress\/wp-json\/wp\/v2\/comments?post=7564"}],"version-history":[{"count":1,"href":"https:\/\/www.sodf.org.br\/wordpress\/wp-json\/wp\/v2\/posts\/7564\/revisions"}],"predecessor-version":[{"id":7566,"href":"https:\/\/www.sodf.org.br\/wordpress\/wp-json\/wp\/v2\/posts\/7564\/revisions\/7566"}],"wp:featuredmedia":[{"embeddable":true,"href":"https:\/\/www.sodf.org.br\/wordpress\/wp-json\/wp\/v2\/media\/7565"}],"wp:attachment":[{"href":"https:\/\/www.sodf.org.br\/wordpress\/wp-json\/wp\/v2\/media?parent=7564"}],"wp:term":[{"taxonomy":"category","embeddable":true,"href":"https:\/\/www.sodf.org.br\/wordpress\/wp-json\/wp\/v2\/categories?post=7564"},{"taxonomy":"post_tag","embeddable":true,"href":"https:\/\/www.sodf.org.br\/wordpress\/wp-json\/wp\/v2\/tags?post=7564"}],"curies":[{"name":"wp","href":"https:\/\/api.w.org\/{rel}","templated":true}]}}