{"id":7556,"date":"2024-08-22T16:42:15","date_gmt":"2024-08-22T19:42:15","guid":{"rendered":"https:\/\/www.sodf.org.br\/wordpress\/?p=7556"},"modified":"2024-08-22T16:43:51","modified_gmt":"2024-08-22T19:43:51","slug":"diretriz-para-a-pratica-clinica-odontologica-na-aps-tratamento-em-gestantes","status":"publish","type":"post","link":"https:\/\/www.sodf.org.br\/wordpress\/diretriz-para-a-pratica-clinica-odontologica-na-aps-tratamento-em-gestantes\/","title":{"rendered":"Diretriz para a Pr\u00e1tica Cl\u00ednica Odontol\u00f3gica na APS \u2013 Tratamento em Gestantes"},"content":{"rendered":"<p>No dia 15 de agosto, celebramos o Dia da Gestante. O que muitos n\u00e3o sabem \u00e9 que, durante a gravidez, \u00e9 fundamental que as futuras mam\u00e3es tenham um cuidado especial com sua sa\u00fade bucal, devido \u00e0s mudan\u00e7as fisiol\u00f3gicas e emocionais que ocorrem nesse per\u00edodo.<\/p>\n<p>Durante a gesta\u00e7\u00e3o, diversas altera\u00e7\u00f5es metab\u00f3licas e hormonais podem impactar significativamente a sa\u00fade bucal. Pensando nisso, o Sindicato dos Odontologistas do Distrito Federal reuniu algumas dicas baseadas na <em>Diretriz para a Pr\u00e1tica Cl\u00ednica Odontol\u00f3gica na Aten\u00e7\u00e3o Prim\u00e1ria \u00e0 Sa\u00fade \u2013 Tratamento em Gestantes<\/em>.<\/p>\n<p>O uso de servi\u00e7os odontol\u00f3gicos por gestantes \u00e9 muito baixo, correspondendo em 2019, no Brasil, a menos de 17% das gestantes acompanhadas pela Aten\u00e7\u00e3o Prim\u00e1ria \u00e0 Sa\u00fade. Mesmo em pa\u00edses desenvolvidos, esse panorama persiste, sendo que a busca por atendimento se d\u00e1 normalmente devido a problemas agudos<\/p>\n<p><a href=\"https:\/\/www.sodf.org.br\/wordpress\/wp-content\/uploads\/2024\/08\/pratica_odontologica_gestantes.pdf\">Clique aqui<\/a> para acessar o documento completo.<\/p>\n","protected":false},"excerpt":{"rendered":"<p>No dia 15 de agosto, celebramos o Dia da Gestante. O que muitos n\u00e3o sabem \u00e9 que, durante a gravidez, \u00e9 fundamental que as futuras mam\u00e3es tenham um cuidado especial com sua sa\u00fade bucal, devido \u00e0s mudan\u00e7as fisiol\u00f3gicas e emocionais que ocorrem nesse per\u00edodo. Durante a gesta\u00e7\u00e3o, diversas altera\u00e7\u00f5es metab\u00f3licas e hormonais podem impactar significativamente [&hellip;]<\/p>\n","protected":false},"author":4,"featured_media":7559,"comment_status":"open","ping_status":"open","sticky":false,"template":"","format":"standard","meta":{"footnotes":""},"categories":[4],"tags":[],"class_list":["post-7556","post","type-post","status-publish","format-standard","has-post-thumbnail","hentry","category-noticias"],"post_mailing_queue_ids":[],"_links":{"self":[{"href":"https:\/\/www.sodf.org.br\/wordpress\/wp-json\/wp\/v2\/posts\/7556","targetHints":{"allow":["GET"]}}],"collection":[{"href":"https:\/\/www.sodf.org.br\/wordpress\/wp-json\/wp\/v2\/posts"}],"about":[{"href":"https:\/\/www.sodf.org.br\/wordpress\/wp-json\/wp\/v2\/types\/post"}],"author":[{"embeddable":true,"href":"https:\/\/www.sodf.org.br\/wordpress\/wp-json\/wp\/v2\/users\/4"}],"replies":[{"embeddable":true,"href":"https:\/\/www.sodf.org.br\/wordpress\/wp-json\/wp\/v2\/comments?post=7556"}],"version-history":[{"count":2,"href":"https:\/\/www.sodf.org.br\/wordpress\/wp-json\/wp\/v2\/posts\/7556\/revisions"}],"predecessor-version":[{"id":7562,"href":"https:\/\/www.sodf.org.br\/wordpress\/wp-json\/wp\/v2\/posts\/7556\/revisions\/7562"}],"wp:featuredmedia":[{"embeddable":true,"href":"https:\/\/www.sodf.org.br\/wordpress\/wp-json\/wp\/v2\/media\/7559"}],"wp:attachment":[{"href":"https:\/\/www.sodf.org.br\/wordpress\/wp-json\/wp\/v2\/media?parent=7556"}],"wp:term":[{"taxonomy":"category","embeddable":true,"href":"https:\/\/www.sodf.org.br\/wordpress\/wp-json\/wp\/v2\/categories?post=7556"},{"taxonomy":"post_tag","embeddable":true,"href":"https:\/\/www.sodf.org.br\/wordpress\/wp-json\/wp\/v2\/tags?post=7556"}],"curies":[{"name":"wp","href":"https:\/\/api.w.org\/{rel}","templated":true}]}}