{"id":7553,"date":"2024-08-20T11:48:57","date_gmt":"2024-08-20T14:48:57","guid":{"rendered":"https:\/\/www.sodf.org.br\/wordpress\/?p=7553"},"modified":"2024-08-20T11:48:57","modified_gmt":"2024-08-20T14:48:57","slug":"episus-abre-inscricoes-para-processo-seletivo-do-nivel-avancado","status":"publish","type":"post","link":"https:\/\/www.sodf.org.br\/wordpress\/episus-abre-inscricoes-para-processo-seletivo-do-nivel-avancado\/","title":{"rendered":"EpiSUS abre inscri\u00e7\u00f5es para processo seletivo do n\u00edvel avan\u00e7ado"},"content":{"rendered":"<p><em>Ao todo, s\u00e3o 12 vagas ofertadas, sendo seis afirmativas para pessoas negras, ind\u00edgenas, quilombolas, transg\u00eanero e parceiros da Comunidade de Pa\u00edses de L\u00edngua Portuguesa<\/em><\/p>\n<p>&nbsp;<\/p>\n<p>Est\u00e3o abertas as inscri\u00e7\u00f5es para o processo seletivo de candidatos \u00e0\u00a0<em>21\u00aa Turma do n\u00edvel Avan\u00e7ado do Programa de Treinamento em Epidemiologia Aplicada aos Servi\u00e7os do Sistema \u00danico de Sa\u00fade (EpiSUS)<\/em>, do Departamento de Emerg\u00eancias em Sa\u00fade P\u00fablica da\u00a0<a class=\"external-link\" title=\"\" href=\"https:\/\/www.gov.br\/saude\/pt-br\/composicao\/svsa\" target=\"_blank\" rel=\"noopener\" data-tippreview-enabled=\"false\" data-tippreview-image=\"\" data-tippreview-title=\"\">Secretaria de Vigil\u00e2ncia em Sa\u00fade e Ambiente (SVSA)<\/a>. As inscri\u00e7\u00f5es podem ser feitas at\u00e9 15 de setembro pelo\u00a0<a class=\"external-link\" title=\"\" href=\"https:\/\/episus.saude.gov.br\/\" target=\"_blank\" rel=\"noopener\" data-tippreview-enabled=\"false\" data-tippreview-image=\"\" data-tippreview-title=\"\">site do EpiSUS<\/a>.<\/p>\n<p>Das 12 vagas, metade s\u00e3o afirmativas, ofertadas a pessoas negras, ind\u00edgenas, quilombolas, pessoas transg\u00eanero e profissionais dos pa\u00edses parceiros da Comunidade de Pa\u00edses de L\u00edngua Portuguesa (CPLP). Podem se candidatar profissionais de sa\u00fade de n\u00edvel superior interessados em desenvolver e aprimorar compet\u00eancias para atua\u00e7\u00e3o na sa\u00fade p\u00fablica e profissionais de sa\u00fade da CPLP que se adequem aos pr\u00e9-requisitos listados no\u00a0<a class=\"external-link\" title=\"\" href=\"https:\/\/episus.saude.gov.br\/docs\/EDITAL_EPISUS_2024.pdf\" target=\"_blank\" rel=\"noopener\" data-tippreview-enabled=\"false\" data-tippreview-image=\"\" data-tippreview-title=\"\">edital<\/a>. Demais informa\u00e7\u00f5es devem ser solicitadas pelo e-mail\u00a0<a href=\"mailto:selecao.episus@saude.gov.br\">selecao.episus@saude.gov.br<\/a>.<\/p>\n<p>O treinamento no EpiSUS-Avan\u00e7ado ocorre presencialmente em Bras\u00edlia, com dedica\u00e7\u00e3o exclusiva durante dois anos. A carga hor\u00e1ria de 3,6 mil horas \u00e9 dividida entre 75% de atividades pr\u00e1ticas e 25% de parte te\u00f3rica, materializadas em m\u00f3dulos sobre epidemiologia e vigil\u00e2ncia em sa\u00fade, dentre outros, na l\u00f3gica de &#8220;aprender fazendo&#8221;.<\/p>\n<p>Criado em 2000, o EpiSUS \u00e9 um programa de forma\u00e7\u00e3o de profissionais de sa\u00fade nas tr\u00eas esferas de gest\u00e3o do SUS. A iniciativa tem o objetivo de desenvolver compet\u00eancias em epidemiologia de campo, vigil\u00e2ncia em sa\u00fade, investiga\u00e7\u00e3o de surtos e demais eventos de sa\u00fade p\u00fablica.<\/p>\n","protected":false},"excerpt":{"rendered":"<p>Ao todo, s\u00e3o 12 vagas ofertadas, sendo seis afirmativas para pessoas negras, ind\u00edgenas, quilombolas, transg\u00eanero e parceiros da Comunidade de Pa\u00edses de L\u00edngua Portuguesa &nbsp; Est\u00e3o abertas as inscri\u00e7\u00f5es para o processo seletivo de candidatos \u00e0\u00a021\u00aa Turma do n\u00edvel Avan\u00e7ado do Programa de Treinamento em Epidemiologia Aplicada aos Servi\u00e7os do Sistema \u00danico de Sa\u00fade (EpiSUS), [&hellip;]<\/p>\n","protected":false},"author":4,"featured_media":7554,"comment_status":"open","ping_status":"open","sticky":false,"template":"","format":"standard","meta":{"footnotes":""},"categories":[4],"tags":[],"class_list":["post-7553","post","type-post","status-publish","format-standard","has-post-thumbnail","hentry","category-noticias"],"post_mailing_queue_ids":[],"_links":{"self":[{"href":"https:\/\/www.sodf.org.br\/wordpress\/wp-json\/wp\/v2\/posts\/7553","targetHints":{"allow":["GET"]}}],"collection":[{"href":"https:\/\/www.sodf.org.br\/wordpress\/wp-json\/wp\/v2\/posts"}],"about":[{"href":"https:\/\/www.sodf.org.br\/wordpress\/wp-json\/wp\/v2\/types\/post"}],"author":[{"embeddable":true,"href":"https:\/\/www.sodf.org.br\/wordpress\/wp-json\/wp\/v2\/users\/4"}],"replies":[{"embeddable":true,"href":"https:\/\/www.sodf.org.br\/wordpress\/wp-json\/wp\/v2\/comments?post=7553"}],"version-history":[{"count":1,"href":"https:\/\/www.sodf.org.br\/wordpress\/wp-json\/wp\/v2\/posts\/7553\/revisions"}],"predecessor-version":[{"id":7555,"href":"https:\/\/www.sodf.org.br\/wordpress\/wp-json\/wp\/v2\/posts\/7553\/revisions\/7555"}],"wp:featuredmedia":[{"embeddable":true,"href":"https:\/\/www.sodf.org.br\/wordpress\/wp-json\/wp\/v2\/media\/7554"}],"wp:attachment":[{"href":"https:\/\/www.sodf.org.br\/wordpress\/wp-json\/wp\/v2\/media?parent=7553"}],"wp:term":[{"taxonomy":"category","embeddable":true,"href":"https:\/\/www.sodf.org.br\/wordpress\/wp-json\/wp\/v2\/categories?post=7553"},{"taxonomy":"post_tag","embeddable":true,"href":"https:\/\/www.sodf.org.br\/wordpress\/wp-json\/wp\/v2\/tags?post=7553"}],"curies":[{"name":"wp","href":"https:\/\/api.w.org\/{rel}","templated":true}]}}