{"id":7550,"date":"2024-08-16T15:03:04","date_gmt":"2024-08-16T18:03:04","guid":{"rendered":"https:\/\/www.sodf.org.br\/wordpress\/?p=7550"},"modified":"2024-08-16T15:03:04","modified_gmt":"2024-08-16T18:03:04","slug":"amamentacao-exclusiva-e-fator-de-protecao-para-a-carie-na-infancia","status":"publish","type":"post","link":"https:\/\/www.sodf.org.br\/wordpress\/amamentacao-exclusiva-e-fator-de-protecao-para-a-carie-na-infancia\/","title":{"rendered":"Amamenta\u00e7\u00e3o exclusiva \u00e9 fator de prote\u00e7\u00e3o para a c\u00e1rie na inf\u00e2ncia"},"content":{"rendered":"<p><em>Al\u00e9m dos benef\u00edcios nutritivos e imunol\u00f3gicos, o aleitamento materno estimula ainda o adequado desenvolvimento craniofacial a n\u00edvel \u00f3sseo, muscular e funcional dos beb\u00eas<\/em><\/p>\n<p>&nbsp;<\/p>\n<p>O Minist\u00e9rio da Sa\u00fade e a Organiza\u00e7\u00e3o Mundial de Sa\u00fade (OMS) orientam que a\u00a0<a href=\"https:\/\/www.gov.br\/saude\/pt-br\/assuntos\/saude-de-a-a-z\/a\/aleitamento-materno\">amamenta\u00e7\u00e3o<\/a>\u00a0ocorra de forma exclusiva at\u00e9 os 6 meses ou de forma continuada at\u00e9 os 2 anos ou mais. Al\u00e9m de proporcionar benef\u00edcios nutritivos e imunol\u00f3gicos, o aleitamento materno pode ajudar no desenvolvimento da respira\u00e7\u00e3o, degluti\u00e7\u00e3o, fala, mastiga\u00e7\u00e3o e at\u00e9 na redu\u00e7\u00e3o da c\u00e1rie da primeira inf\u00e2ncia (CPI), que acomete crian\u00e7as at\u00e9 seis anos de idade.<\/p>\n<p>Evid\u00eancias sugerem que beb\u00eas amamentados no primeiro ano de vida t\u00eam menos recorr\u00eancia de c\u00e1rie dent\u00e1ria em rela\u00e7\u00e3o aos que consomem f\u00f3rmula infantil. Ao mamar, o beb\u00ea diminui a exposi\u00e7\u00e3o inadequada ao fl\u00faor e evita o consumo precoce de a\u00e7\u00facares, impactando diretamente na preven\u00e7\u00e3o da c\u00e1rie.<\/p>\n<p>A partir dos 6 meses, a introdu\u00e7\u00e3o alimentar deve ser iniciada, de forma lenta e gradual com produtos naturais dos diferentes grupos \u2013 frutas, legumes, verduras, tub\u00e9rculos, cereais e feij\u00f5es. O consumo de a\u00e7\u00facares e alimentos ultraprocessados \u00e9 fortemente contraindicado at\u00e9 os 2 anos de idade, pois aumentam o risco \u00e0 c\u00e1rie, asma, alergias, obesidade e doen\u00e7as cardiovasculares no futuro.<\/p>\n<p>Para Doralice Severo da Cruz, coordenadora-geral de Sa\u00fade Bucal do Minist\u00e9rio da Sa\u00fade, o aleitamento materno desempenha um papel essencial na sa\u00fade bucal da crian\u00e7a: \u201cDos benef\u00edcios da amamenta\u00e7\u00e3o para o beb\u00ea, podemos destacar o desenvolvimento da mand\u00edbula e dos m\u00fasculos faciais, o que contribui para um alinhamento correto dos dentes no futuro\u201d, explicou.<\/p>\n<p>\u201cAmamentar promove a suc\u00e7\u00e3o correta, que \u00e9 essencial para o desenvolvimento de h\u00e1bitos saud\u00e1veis e a forma\u00e7\u00e3o de uma mordida adequada. Desta forma, incentivamos que as m\u00e3es continuem amamentando com confian\u00e7a seus beb\u00eas, sabendo que est\u00e1 dando \u00e0 crian\u00e7a o melhor come\u00e7o poss\u00edvel para uma vida cheia de sorrisos brilhantes\u201d, completou Doralice.<\/p>\n<p>A aus\u00eancia da amamenta\u00e7\u00e3o ou, ainda, o desmame precoce resultam na falta de est\u00edmulos para o desenvolvimento craniofacial. Al\u00e9m disso, a introdu\u00e7\u00e3o de bicos artificiais, como mamadeiras e chupetas, movimentam uma musculatura diferente da correta, podendo ocasionar hipertonia muscular, alterando a estrutura bucal.<\/p>\n<p>Segundo a SB Brasil 2020\/2023 \u2013 pesquisa que avalia as condi\u00e7\u00f5es de sa\u00fade bucal da popula\u00e7\u00e3o, 53,2% das crian\u00e7as entrevistadas estavam livres de c\u00e1ries. O \u00edndice \u00e9 14% maior do que o resultado do \u00faltimo estudo, em 2010, em que foi registrado 46,6%. Mais de 40 mil pessoas foram examinadas nas 27 capitais e em 403 cidades do interior de todo o pa\u00eds. Dessas, 7.198 s\u00e3o crian\u00e7as de 5 anos de idade.<\/p>\n<p><strong>Atendimentos<\/strong><\/p>\n<p>No \u00e2mbito do\u00a0<a href=\"https:\/\/www.gov.br\/saude\/pt-br\/assuntos\/saude-de-a-a-z\/s\/sus\">Sistema \u00danico de Sa\u00fade (SUS)<\/a>, a odontopediatria \u00e9 ofertada nos Centros de Especialidades Odontol\u00f3gicas (CEOs). J\u00e1 nas Unidades B\u00e1sicas de Sa\u00fade (UBSs) contam com as equipes de sa\u00fade bucal (eSB), que s\u00e3o qualificadas para atender as crian\u00e7as, inclusive beb\u00eas para orienta\u00e7\u00e3o nas pr\u00e1ticas de amamenta\u00e7\u00e3o.<\/p>\n<p>De acordo com o Sistema de Informa\u00e7\u00e3o em Sa\u00fade para a Aten\u00e7\u00e3o B\u00e1sica (SISAB), em 2022, mais de 144 mil crian\u00e7as entre 0 e 2 anos de idade receberam o primeiro atendimento odontol\u00f3gico em todo o pa\u00eds. No ano seguinte, esse n\u00famero saltou para mais de 180 mil.<\/p>\n<p><strong>Equidade no SUS<\/strong><\/p>\n<p>Em 2004, o programa\u00a0<a href=\"https:\/\/www.gov.br\/saude\/pt-br\/composicao\/saps\/brasil-sorridente\">Brasil Sorridente<\/a>\u00a0foi criado para combater a dificuldade de acesso \u00e0 sa\u00fade bucal, principalmente em regi\u00f5es de maior vulnerabilidade. No ano passado, o presidente Lula sancionou a lei que incluiu a\u00a0<a href=\"https:\/\/www.gov.br\/saude\/pt-br\/acesso-a-informacao\/acoes-e-programas\/saude-bucal\">Pol\u00edtica Nacional de Sa\u00fade Bucal<\/a>\u00a0na Lei Org\u00e2nica da Sa\u00fade, para que todos os brasileiros tenham o direito de se consultar com dentistas.<\/p>\n<p>Seguindo a mesma linha, neste ano, a Semana Mundial da Amamenta\u00e7\u00e3o (SMAM) trouxe o tema:\u00a0<a href=\"https:\/\/www.gov.br\/saude\/pt-br\/campanhas-da-saude\/2024\/amamentacao\">\u201cAmamenta\u00e7\u00e3o: apoie em todas as situa\u00e7\u00f5es\u201d<\/a>, com foco no apoio ao aleitamento materno para reduzir as desigualdades em popula\u00e7\u00f5es vulner\u00e1veis, minorias, pessoas com defici\u00eancia e em situa\u00e7\u00f5es de emerg\u00eancia.<\/p>\n<p>O minist\u00e9rio tamb\u00e9m est\u00e1 trabalhando para lan\u00e7ar o novo Programa Nacional de Promo\u00e7\u00e3o, Prote\u00e7\u00e3o e Apoio \u00e0 Amamenta\u00e7\u00e3o, como parte de um dos eixos estrat\u00e9gicos da\u00a0<a href=\"https:\/\/www.gov.br\/saude\/pt-br\/assuntos\/saude-de-a-a-z\/s\/saude-da-crianca\/pnaisc\">Pol\u00edtica Nacional de Aten\u00e7\u00e3o Integral \u00e0 Sa\u00fade da Crian\u00e7a (PNAISC)<\/a>\u00a0no \u00e2mbito do SUS. Assim, refor\u00e7a os princ\u00edpios da amamenta\u00e7\u00e3o como direito humano, do acesso universal \u00e0 sa\u00fade, da equidade em sa\u00fade, da integralidade do cuidado e da humaniza\u00e7\u00e3o da aten\u00e7\u00e3o \u00e0 sa\u00fade em todo o pa\u00eds.<\/p>\n<p>&nbsp;<\/p>\n","protected":false},"excerpt":{"rendered":"<p>Al\u00e9m dos benef\u00edcios nutritivos e imunol\u00f3gicos, o aleitamento materno estimula ainda o adequado desenvolvimento craniofacial a n\u00edvel \u00f3sseo, muscular e funcional dos beb\u00eas &nbsp; O Minist\u00e9rio da Sa\u00fade e a Organiza\u00e7\u00e3o Mundial de Sa\u00fade (OMS) orientam que a\u00a0amamenta\u00e7\u00e3o\u00a0ocorra de forma exclusiva at\u00e9 os 6 meses ou de forma continuada at\u00e9 os 2 anos ou mais. [&hellip;]<\/p>\n","protected":false},"author":4,"featured_media":7551,"comment_status":"open","ping_status":"open","sticky":false,"template":"","format":"standard","meta":{"footnotes":""},"categories":[4],"tags":[],"class_list":["post-7550","post","type-post","status-publish","format-standard","has-post-thumbnail","hentry","category-noticias"],"post_mailing_queue_ids":[],"_links":{"self":[{"href":"https:\/\/www.sodf.org.br\/wordpress\/wp-json\/wp\/v2\/posts\/7550","targetHints":{"allow":["GET"]}}],"collection":[{"href":"https:\/\/www.sodf.org.br\/wordpress\/wp-json\/wp\/v2\/posts"}],"about":[{"href":"https:\/\/www.sodf.org.br\/wordpress\/wp-json\/wp\/v2\/types\/post"}],"author":[{"embeddable":true,"href":"https:\/\/www.sodf.org.br\/wordpress\/wp-json\/wp\/v2\/users\/4"}],"replies":[{"embeddable":true,"href":"https:\/\/www.sodf.org.br\/wordpress\/wp-json\/wp\/v2\/comments?post=7550"}],"version-history":[{"count":1,"href":"https:\/\/www.sodf.org.br\/wordpress\/wp-json\/wp\/v2\/posts\/7550\/revisions"}],"predecessor-version":[{"id":7552,"href":"https:\/\/www.sodf.org.br\/wordpress\/wp-json\/wp\/v2\/posts\/7550\/revisions\/7552"}],"wp:featuredmedia":[{"embeddable":true,"href":"https:\/\/www.sodf.org.br\/wordpress\/wp-json\/wp\/v2\/media\/7551"}],"wp:attachment":[{"href":"https:\/\/www.sodf.org.br\/wordpress\/wp-json\/wp\/v2\/media?parent=7550"}],"wp:term":[{"taxonomy":"category","embeddable":true,"href":"https:\/\/www.sodf.org.br\/wordpress\/wp-json\/wp\/v2\/categories?post=7550"},{"taxonomy":"post_tag","embeddable":true,"href":"https:\/\/www.sodf.org.br\/wordpress\/wp-json\/wp\/v2\/tags?post=7550"}],"curies":[{"name":"wp","href":"https:\/\/api.w.org\/{rel}","templated":true}]}}