{"id":7546,"date":"2024-08-15T11:34:39","date_gmt":"2024-08-15T14:34:39","guid":{"rendered":"https:\/\/www.sodf.org.br\/wordpress\/?p=7546"},"modified":"2024-08-15T11:34:39","modified_gmt":"2024-08-15T14:34:39","slug":"distrito-federal-governo-federal-dobra-investimento-para-saude-bucal","status":"publish","type":"post","link":"https:\/\/www.sodf.org.br\/wordpress\/distrito-federal-governo-federal-dobra-investimento-para-saude-bucal\/","title":{"rendered":"Distrito Federal: Governo Federal dobra investimento para sa\u00fade bucal"},"content":{"rendered":"<p><em>Secret\u00e1rio-executivo do Minist\u00e9rio da Sa\u00fade, Swedenberger Barbosa, apresenta resultados das a\u00e7\u00f5es de fortalecimento do programa Brasil Sorridente que tem 31,7 mil equipes em 5.096 munic\u00edpios do pa\u00eds<\/em><\/p>\n<p>&nbsp;<\/p>\n<p>Para ampliar o acesso da popula\u00e7\u00e3o ao cuidado em sa\u00fade bucal, o governo federal dobrou o repasse de recursos do programa\u00a0<a class=\"external-link\" title=\"\" href=\"https:\/\/www.gov.br\/saude\/pt-br\/composicao\/saps\/brasil-sorridente\" target=\"_blank\" rel=\"noopener\" data-tippreview-enabled=\"false\" data-tippreview-image=\"\" data-tippreview-title=\"\">Brasil Sorridente<\/a>. No Distrito Federal, o investimento ser\u00e1 de R$ 850 mil com 216 equipes de sa\u00fade bucal. Em 2022, o repasse foi de R$ 390 mil com 158 equipes. \u201cV\u00e1rias a\u00e7\u00f5es realizadas ao longo de 2023 continuam a ser executadas em 2024. Dentre elas, o aumento expressivo dos valores de custeio e investimento, totalizando R$ 136,87 milh\u00f5es de recursos repassados fundo a fundo aos gestores locais. Isso representa um aumento de 126% em rela\u00e7\u00e3o a 2022\u201d, destacou o secret\u00e1rio executivo do Minist\u00e9rio da Sa\u00fade, Swedenberger<i>\u00a0<\/i>Barbosa.<\/p>\n<p>Em 2023, o presidente Luiz In\u00e1cio Lula da Silva sancionou a Lei 14.572, que incorporou a Pol\u00edtica Nacional de Sa\u00fade Bucal, o Brasil Sorridente, \u00e0 Lei Org\u00e2nica da Sa\u00fade. Isso assegurou o cuidado em sa\u00fade bucal de forma gratuita pelo\u00a0<a class=\"external-link\" title=\"\" href=\"https:\/\/www.gov.br\/saude\/pt-br\/assuntos\/saude-de-a-a-z\/s\/sus\" target=\"_blank\" rel=\"noopener\" data-tippreview-enabled=\"false\" data-tippreview-image=\"\" data-tippreview-title=\"\">Sistema \u00danico de Sa\u00fade (SUS)<\/a>\u00a0como direito do cidad\u00e3o. Desde ent\u00e3o, o investimento no programa foi ampliado, com o credenciamento de mais equipes e a implanta\u00e7\u00e3o e moderniza\u00e7\u00e3o de\u00a0<a class=\"external-link\" title=\"\" href=\"https:\/\/www.gov.br\/saude\/pt-br\/composicao\/saps\/brasil-sorridente\/atencao-especializada\/ceo\" target=\"_blank\" rel=\"noopener\" data-tippreview-enabled=\"false\" data-tippreview-image=\"\" data-tippreview-title=\"\">Centros de Especialidades Odontol\u00f3gicas (CEOs)<\/a>.<\/p>\n<p>\u201cA retomada do Brasil Sorridente trouxe consigo o aumento do financiamento e a valoriza\u00e7\u00e3o da sa\u00fade bucal. Definitivamente, \u00e9 colocar a sa\u00fade bucal como direito de todos e dever do Estado, aplicando o maior or\u00e7amento p\u00fablico de todo o per\u00edodo da nossa hist\u00f3ria democr\u00e1tica no pa\u00eds, desde que se iniciou o programa Brasil Sorridente e a Pol\u00edtica Nacional de Sa\u00fade Bucal\u201d, assinalou Barbosa.<\/p>\n<p>Os servi\u00e7os odontol\u00f3gicos podem ser ofertados em Unidades B\u00e1sicas de Sa\u00fade (UBS)\/Unidades de Sa\u00fade da Fam\u00edlia(USF)\/Postos de Sa\u00fade e Unidades Odontol\u00f3gicas M\u00f3veis (UOM) pelas equipes de sa\u00fade bucal e em CEOs e hospitais, quando necess\u00e1rio realizar procedimentos mais complexos e\/ou com especialistas.<\/p>\n<p>Confira a apresenta\u00e7\u00e3o do Secret\u00e1rio Executivo, Swedenberger Barbosa, sobre os resultados das a\u00e7\u00f5es de fortalecimento do programa:<\/p>\n<p><b>OR\u00c7AMENTO<\/b><\/p>\n<p>A partir de 2023, at\u00e9 hoje, para voc\u00eas terem uma ideia do que n\u00f3s damos de prioridade \u00e0\u00a0<a class=\"external-link\" title=\"\" href=\"https:\/\/www.gov.br\/saude\/pt-br\/composicao\/saps\/brasil-sorridente\" target=\"_blank\" rel=\"noopener\" data-tippreview-enabled=\"false\" data-tippreview-image=\"\" data-tippreview-title=\"\">Pol\u00edtica Nacional de Sa\u00fade Bucal, Programa Brasil Sorridente<\/a>, s\u00f3 em termos de or\u00e7amento, adicionamos mais de R$ 2 bilh\u00f5es ao or\u00e7amento que recebemos. Isso significa que a gente tem um or\u00e7amento de mais de R$ 3 bilh\u00f5es, quando a gente recebeu com pouco mais de R$ 1 bilh\u00e3o. \u00c9 algo in\u00e9dito, \u00e9 o maior investimento da hist\u00f3ria do Brasil no que diz respeito \u00e0 sa\u00fade bucal e isso acontece pela prioridade absoluta que o presidente indica e que o Minist\u00e9rio da Sa\u00fade executa em rela\u00e7\u00e3o \u00e0s prioridades do governo.<\/p>\n<p><b>ABRANG\u00caNCIA<\/b><\/p>\n<p>O programa Brasil Sorridente conta hoje com 31.775 equipes de sa\u00fade bucal, financiadas em 5.096 munic\u00edpios do pa\u00eds. Contamos, nesta mesma compet\u00eancia, com 1.197 centros de especialidades odontol\u00f3gicas distribu\u00eddos em 963 munic\u00edpios.<\/p>\n<p><b>PR\u00d3TESES<\/b><\/p>\n<p>Temos tamb\u00e9m mais de 83 mil pr\u00f3teses dent\u00e1rias entregues por meio de laborat\u00f3rios regionais de pr\u00f3teses dent\u00e1rias, presentes em 3.287 munic\u00edpios. Hoje contamos com 4.008 laborat\u00f3rios regionais de pr\u00f3teses dent\u00e1rias em 3.963 munic\u00edpios.<\/p>\n<p><b>MAIS EQUIPES<\/b><\/p>\n<p>Tivemos tamb\u00e9m o incremento de 7.708 novas equipes de sa\u00fade bucal credenciadas e que, de sobremaneira, contribu\u00edram com a cobertura da sa\u00fade bucal na aten\u00e7\u00e3o prim\u00e1ria \u00e0 sa\u00fade no pa\u00eds. \u00c9 uma mudan\u00e7a radical no que diz respeito a essa pol\u00edtica. A inclus\u00e3o dos servi\u00e7os especializados em sa\u00fade bucal \u00e9 uma novidade, favorecendo a oferta da aten\u00e7\u00e3o especializada em munic\u00edpios com at\u00e9 20 mil habitantes.<\/p>\n<p><b>INTEGRALIDADE<\/b><\/p>\n<p>O incremento quantitativo das equipes de sa\u00fade bucal contribui diretamente para o fortalecimento dos atributos essenciais da aten\u00e7\u00e3o prim\u00e1ria em sa\u00fade, incorporando a sa\u00fade bucal definitivamente na aten\u00e7\u00e3o prim\u00e1ria em sa\u00fade no SUS, tais como a aten\u00e7\u00e3o no primeiro contato, a longitudinalidade e a integralidade, sob a coordena\u00e7\u00e3o do cuidado integral, sendo organizado no modelo de aten\u00e7\u00e3o da\u00a0<a class=\"external-link\" title=\"\" href=\"https:\/\/www.gov.br\/saude\/pt-br\/composicao\/saps\/estrategia-saude-da-familia\" target=\"_blank\" rel=\"noopener\" data-tippreview-enabled=\"false\" data-tippreview-image=\"\" data-tippreview-title=\"\">Estrat\u00e9gia de Sa\u00fade da Fam\u00edlia<\/a>.<\/p>\n<p><b>CONSULTAS<\/b><\/p>\n<p>Temos mais de 30 milh\u00f5es de consultas de sa\u00fade bucal abrangendo atendimentos tanto na aten\u00e7\u00e3o prim\u00e1ria quanto na aten\u00e7\u00e3o especializada.<\/p>\n<p><b>LEVANTAMENTO<\/b><\/p>\n<p>Ainda neste ano, divulgaremos os resultados do levantamento epidemiol\u00f3gico Sa\u00fade Bucal Brasil 2023, sobre as condi\u00e7\u00f5es de sa\u00fade bucal da popula\u00e7\u00e3o brasileira. Tamb\u00e9m faremos incentivo \u00e0 equipara\u00e7\u00e3o entre as equipes de sa\u00fade bucal da Estrat\u00e9gia de Sa\u00fade Bucal e as equipes de sa\u00fade da fam\u00edlia. Ou seja, na verdade, essa propor\u00e7\u00e3o deve ser perseguida e viabilizada como a propor\u00e7\u00e3o de um para um.<\/p>\n<p><b>REGI\u00d5ES DE DIF\u00cdCIL ACESSO<\/b><\/p>\n<p>A transfer\u00eancia de recursos para o provimento da sa\u00fade bucal em locais de dif\u00edcil fixa\u00e7\u00e3o \u00e9 outra meta que estamos perseguindo e desenvolvendo no Minist\u00e9rio da Sa\u00fade. Outra coisa diz respeito \u00e0 mudan\u00e7a no modelo assistencial, nas modalidades diversas onde temos o trabalho a seis m\u00e3os: o cirurgi\u00e3o dentista, o t\u00e9cnico em sa\u00fade bucal e auxiliar de sa\u00fade bucal, instalando, onde seja poss\u00edvel, uma cadeira odontol\u00f3gica para atendimento pelo t\u00e9cnico em sa\u00fade bucal. Algo fundamental \u00e9 a transfer\u00eancia de recursos para o provimento de equipes de sa\u00fade bucal em locais de dif\u00edcil fixa\u00e7\u00e3o. \u00c9 uma meta importante, o Brasil \u00e9 enorme, com diversidades extraordin\u00e1rias. Temos que garantir isso.<\/p>\n<p><b>EQUIPAMENTOS<\/b><\/p>\n<p>A\u00e7\u00f5es important\u00edssimas tamb\u00e9m s\u00e3o as compras centralizadas de equipamentos odontol\u00f3gicos, tais como cadeira odontol\u00f3gica completa, ultrassom, fotopolimerizador, aparelhos de raio-x. Ou seja, vamos organizar esse processo e ampliar essa assist\u00eancia. A implanta\u00e7\u00e3o da linha de cuidado do c\u00e2ncer da boca e orofaringe, a implanta\u00e7\u00e3o da endodontia em sess\u00e3o \u00fanica nos centros de especialidades odontol\u00f3gicas e em equipes de aten\u00e7\u00e3o prim\u00e1ria \u00e0 sa\u00fade, e tamb\u00e9m popula\u00e7\u00f5es ribeirinhas, ind\u00edgenas, quilombolas e assentados. \u00c9 dar uma dimens\u00e3o de cidadania ampla em todo o Brasil, atendendo a tudo e a todos.<\/p>\n<p><b>TELEATENDIMENTO<\/b><\/p>\n<p>A otimiza\u00e7\u00e3o de processos e melhoria da comunidade entre o cidad\u00e3o, profissional e servi\u00e7o, por meio de ferramentas digitais, tais como o aprimoramento da teleodontologia. Para entrarmos de vez nessa quest\u00e3o do teleatendimento, dos processos que s\u00e3o da modernidade e do futuro. Painel de monitoramento de indicadores, entre outros que n\u00f3s estamos organizando.<\/p>\n<p><b>SA\u00daDE NA ESCOLA<\/b><\/p>\n<p>Deve ser ressaltada a qualifica\u00e7\u00e3o das atividades de sa\u00fade bucal realizadas no \u00e2mbito do programa\u00a0<a class=\"external-link\" title=\"\" href=\"https:\/\/www.gov.br\/saude\/pt-br\/acesso-a-informacao\/acoes-e-programas\/programa-saude-na-escola\" target=\"_blank\" rel=\"noopener\" data-tippreview-enabled=\"false\" data-tippreview-image=\"\" data-tippreview-title=\"\">Sa\u00fade na Escola<\/a>. A sa\u00fade na escola que foi iniciada l\u00e1 com o governo do presidente Lula, retomamos de maneira muito forte, por meio da educa\u00e7\u00e3o permanente e continuada dos profissionais e ofertas de insumos aos munic\u00edpios, para a realiza\u00e7\u00e3o do tratamento atraum\u00e1tico nas escolas. Uma rela\u00e7\u00e3o fraterna, colaborativa, muito forte entre o MEC e o Minist\u00e9rio da Sa\u00fade.<b>\u00a0<\/b><\/p>\n<p><b>FUTURO<\/b><\/p>\n<p>Para os pr\u00f3ximos anos, manteremos nosso compromisso com o cuidado em sa\u00fade bucal da popula\u00e7\u00e3o, fortalecendo as a\u00e7\u00f5es e equipes de sa\u00fade bucal por meio de programas e incentivos financeiros. Tamb\u00e9m estaremos fazendo uma forte a\u00e7\u00e3o no que diz respeito \u00e0 fluoreta\u00e7\u00e3o das \u00e1guas de abastecimento p\u00fablico.<\/p>\n<p><a href=\"https:\/\/www.gov.br\/saude\/pt-br\/assuntos\/noticias-para-os-estados\/distrito-federal\/2024\/agosto\/distrito-federal-governo-federal-dobra-investimento-para-saude-bucal\"><em>Minist\u00e9rio da Sa\u00fade<\/em><\/a><\/p>\n","protected":false},"excerpt":{"rendered":"<p>Secret\u00e1rio-executivo do Minist\u00e9rio da Sa\u00fade, Swedenberger Barbosa, apresenta resultados das a\u00e7\u00f5es de fortalecimento do programa Brasil Sorridente que tem 31,7 mil equipes em 5.096 munic\u00edpios do pa\u00eds &nbsp; Para ampliar o acesso da popula\u00e7\u00e3o ao cuidado em sa\u00fade bucal, o governo federal dobrou o repasse de recursos do programa\u00a0Brasil Sorridente. No Distrito Federal, o investimento [&hellip;]<\/p>\n","protected":false},"author":4,"featured_media":7547,"comment_status":"open","ping_status":"open","sticky":false,"template":"","format":"standard","meta":{"footnotes":""},"categories":[4],"tags":[],"class_list":["post-7546","post","type-post","status-publish","format-standard","has-post-thumbnail","hentry","category-noticias"],"post_mailing_queue_ids":[],"_links":{"self":[{"href":"https:\/\/www.sodf.org.br\/wordpress\/wp-json\/wp\/v2\/posts\/7546","targetHints":{"allow":["GET"]}}],"collection":[{"href":"https:\/\/www.sodf.org.br\/wordpress\/wp-json\/wp\/v2\/posts"}],"about":[{"href":"https:\/\/www.sodf.org.br\/wordpress\/wp-json\/wp\/v2\/types\/post"}],"author":[{"embeddable":true,"href":"https:\/\/www.sodf.org.br\/wordpress\/wp-json\/wp\/v2\/users\/4"}],"replies":[{"embeddable":true,"href":"https:\/\/www.sodf.org.br\/wordpress\/wp-json\/wp\/v2\/comments?post=7546"}],"version-history":[{"count":1,"href":"https:\/\/www.sodf.org.br\/wordpress\/wp-json\/wp\/v2\/posts\/7546\/revisions"}],"predecessor-version":[{"id":7548,"href":"https:\/\/www.sodf.org.br\/wordpress\/wp-json\/wp\/v2\/posts\/7546\/revisions\/7548"}],"wp:featuredmedia":[{"embeddable":true,"href":"https:\/\/www.sodf.org.br\/wordpress\/wp-json\/wp\/v2\/media\/7547"}],"wp:attachment":[{"href":"https:\/\/www.sodf.org.br\/wordpress\/wp-json\/wp\/v2\/media?parent=7546"}],"wp:term":[{"taxonomy":"category","embeddable":true,"href":"https:\/\/www.sodf.org.br\/wordpress\/wp-json\/wp\/v2\/categories?post=7546"},{"taxonomy":"post_tag","embeddable":true,"href":"https:\/\/www.sodf.org.br\/wordpress\/wp-json\/wp\/v2\/tags?post=7546"}],"curies":[{"name":"wp","href":"https:\/\/api.w.org\/{rel}","templated":true}]}}