{"id":7529,"date":"2024-08-07T16:14:39","date_gmt":"2024-08-07T19:14:39","guid":{"rendered":"https:\/\/www.sodf.org.br\/wordpress\/?p=7529"},"modified":"2024-08-07T16:14:39","modified_gmt":"2024-08-07T19:14:39","slug":"consulta-publica-sobre-uso-de-fluoreto-recebe-contribuicoes-ate-30-de-agosto","status":"publish","type":"post","link":"https:\/\/www.sodf.org.br\/wordpress\/consulta-publica-sobre-uso-de-fluoreto-recebe-contribuicoes-ate-30-de-agosto\/","title":{"rendered":"Consulta p\u00fablica sobre uso de fluoreto recebe contribui\u00e7\u00f5es at\u00e9 30 de agosto"},"content":{"rendered":"<p>Cirurgi\u00f5es-dentistas, t\u00e9cnicos e auxiliares de sa\u00fade bucal, gestores, pesquisadores, estudantes e interessados podem participar pelo formul\u00e1rio online<\/p>\n<p>&nbsp;<\/p>\n<p>A fim de estimular a participa\u00e7\u00e3o da sociedade no SUS, o Minist\u00e9rio da Sa\u00fade colocou em consulta p\u00fablica mais um documento, nesta quinta-feira (1\u00ba). O Guia de recomenda\u00e7\u00f5es para o uso de fluoretos no Brasil receber\u00e1 contribui\u00e7\u00f5es at\u00e9 30 de agosto, exclusivamente pelo formul\u00e1rio online.<\/p>\n<p>\u201cO objetivo do guia \u00e9 oferecer uma fonte de consulta, baseada em evid\u00eancias cient\u00edficas, para todos os trabalhadores do Sistema \u00danico de Sa\u00fade sobre a utiliza\u00e7\u00e3o de fluoretos no cotidiano dos servi\u00e7os para a preven\u00e7\u00e3o e o controle das c\u00e1ries\u201d, explica a coordenadora-geral de Sa\u00fade Bucal da pasta (CGSB), Doralice Severo Cruz.<\/p>\n<p>Al\u00e9m dos cirurgi\u00f5es-dentistas, t\u00e9cnicos e auxiliares de sa\u00fade bucal, tamb\u00e9m podem participar gestores, pesquisadores, estudantes e demais interessados no tema. A proposta \u00e9 liderada pela CGSB em parceria com um grupo de trabalho formado por especialistas em odontologia e sa\u00fade coletiva.<\/p>\n<p><strong>Para que servem os fluoretos?<\/strong><\/p>\n<p>Derivados do elemento qu\u00edmico fl\u00faor, s\u00e3o os principais respons\u00e1veis pela diminui\u00e7\u00e3o das c\u00e1ries em diversos pa\u00edses, incluindo o Brasil. Al\u00e9m de reduzir a preval\u00eancia e a gravidade da doen\u00e7a, o fluoreto tamb\u00e9m diminui a velocidade de desenvolvimento de novas les\u00f5es de c\u00e1rie. Por isso, \u00e9 importante que a popula\u00e7\u00e3o tenha acesso \u00e0 subst\u00e2ncia.<\/p>\n<p>\u00c9 responsabilidade das autoridades sanit\u00e1rias e da sociedade garantir o uso racional e seguro do fluoreto, evitando casos de intoxica\u00e7\u00e3o. A fluoreta\u00e7\u00e3o da \u00e1gua e o uso de creme dental fluoretado s\u00e3o totalmente seguros em termos de toxicidade aguda. A aplica\u00e7\u00e3o profissional de fluoreto tamb\u00e9m \u00e9 segura, sendo necess\u00e1rio apenas ter cuidado ao usar gel fluoretado com moldeiras para evitar a ingest\u00e3o. Quanto \u00e0 toxicidade cr\u00f4nica, a fluorose dent\u00e1ria \u00e9 o \u00fanico efeito colateral sist\u00eamico decorrente da ingest\u00e3o de fluoreto na \u00e1gua em concentra\u00e7\u00f5es acima das recomendadas para a preven\u00e7\u00e3o de c\u00e1ries.<\/p>\n<p>Por isso, as autoridades sanit\u00e1rias estabelecem padr\u00f5es de exposi\u00e7\u00e3o e mant\u00eam sistemas de monitoramento. No Brasil, a fluoreta\u00e7\u00e3o da \u00e1gua se tornou lei em 1974 e, em 2017, j\u00e1 beneficiava mais de 150 milh\u00f5es de pessoas.<\/p>\n<p><a href=\"https:\/\/www.gov.br\/saude\/pt-br\/acesso-a-informacao\/participacao-social\/consultas-publicas\/2024\/consulta-publica-guia-de-recomendacoes-para-o-uso-de-fluoretos-no-brasil\">Acesse a p\u00e1gina da consulta p\u00fablica para participar<\/a><\/p>\n<p>&nbsp;<\/p>\n<p><a href=\"https:\/\/www.gov.br\/saude\/pt-br\/assuntos\/noticias\/2024\/julho\/saude-bucal-consulta-publica-sobre-uso-de-fluoreto-recebe-contribuicoes-ate-30-de-agosto\"><strong>Not\u00edcia do Minist\u00e9rio da Sa\u00fade\u00a0<\/strong><\/a><\/p>\n","protected":false},"excerpt":{"rendered":"<p>Cirurgi\u00f5es-dentistas, t\u00e9cnicos e auxiliares de sa\u00fade bucal, gestores, pesquisadores, estudantes e interessados podem participar pelo formul\u00e1rio online &nbsp; A fim de estimular a participa\u00e7\u00e3o da sociedade no SUS, o Minist\u00e9rio da Sa\u00fade colocou em consulta p\u00fablica mais um documento, nesta quinta-feira (1\u00ba). O Guia de recomenda\u00e7\u00f5es para o uso de fluoretos no Brasil receber\u00e1 contribui\u00e7\u00f5es [&hellip;]<\/p>\n","protected":false},"author":4,"featured_media":7530,"comment_status":"open","ping_status":"open","sticky":false,"template":"","format":"standard","meta":{"footnotes":""},"categories":[4],"tags":[],"class_list":["post-7529","post","type-post","status-publish","format-standard","has-post-thumbnail","hentry","category-noticias"],"post_mailing_queue_ids":[],"_links":{"self":[{"href":"https:\/\/www.sodf.org.br\/wordpress\/wp-json\/wp\/v2\/posts\/7529","targetHints":{"allow":["GET"]}}],"collection":[{"href":"https:\/\/www.sodf.org.br\/wordpress\/wp-json\/wp\/v2\/posts"}],"about":[{"href":"https:\/\/www.sodf.org.br\/wordpress\/wp-json\/wp\/v2\/types\/post"}],"author":[{"embeddable":true,"href":"https:\/\/www.sodf.org.br\/wordpress\/wp-json\/wp\/v2\/users\/4"}],"replies":[{"embeddable":true,"href":"https:\/\/www.sodf.org.br\/wordpress\/wp-json\/wp\/v2\/comments?post=7529"}],"version-history":[{"count":1,"href":"https:\/\/www.sodf.org.br\/wordpress\/wp-json\/wp\/v2\/posts\/7529\/revisions"}],"predecessor-version":[{"id":7531,"href":"https:\/\/www.sodf.org.br\/wordpress\/wp-json\/wp\/v2\/posts\/7529\/revisions\/7531"}],"wp:featuredmedia":[{"embeddable":true,"href":"https:\/\/www.sodf.org.br\/wordpress\/wp-json\/wp\/v2\/media\/7530"}],"wp:attachment":[{"href":"https:\/\/www.sodf.org.br\/wordpress\/wp-json\/wp\/v2\/media?parent=7529"}],"wp:term":[{"taxonomy":"category","embeddable":true,"href":"https:\/\/www.sodf.org.br\/wordpress\/wp-json\/wp\/v2\/categories?post=7529"},{"taxonomy":"post_tag","embeddable":true,"href":"https:\/\/www.sodf.org.br\/wordpress\/wp-json\/wp\/v2\/tags?post=7529"}],"curies":[{"name":"wp","href":"https:\/\/api.w.org\/{rel}","templated":true}]}}