{"id":7506,"date":"2024-08-05T16:54:37","date_gmt":"2024-08-05T19:54:37","guid":{"rendered":"https:\/\/www.sodf.org.br\/wordpress\/?p=7506"},"modified":"2024-08-05T16:54:37","modified_gmt":"2024-08-05T19:54:37","slug":"sodf-inicia-x-curso-de-aprimoramento","status":"publish","type":"post","link":"https:\/\/www.sodf.org.br\/wordpress\/sodf-inicia-x-curso-de-aprimoramento\/","title":{"rendered":"SODF inicia X Curso de Aprimoramento"},"content":{"rendered":"<p>O Sindicato dos Odontologistas do Distrito Federal iniciou, na \u00faltima quinta-feira (01\/08), o X Curso de Aprimoramento. Ser\u00e3o 11 encontros nos meses de agosto ou setembro com aulas sobre diversos assuntos, totalizando 88 horas.<\/p>\n<p>No primeiro dia de aula, tratamos com os cirurgi\u00f5es dentistas inscritos sobre oclus\u00e3o e clareamento, com o professor Gil Montenegro, profissional convidado em outros momentos pelo SODF para ministrar cursos e palestras.<\/p>\n<p>No segundo dia, contamos com a presen\u00e7a do professor Gustavo Mechica. Ele conversou com os alunos sobre anestesia e cirurgia.<\/p>\n<p>J\u00e1 o terceiro dia, trouxe ainda mais conhecimento sobre farmacologia e controle de dor com o professor Luciano Augusto de Jesus. Na ocasi\u00e3o, ele ainda sorteou dois livros sobre o assunto.<\/p>\n<p>O SODF disponibilizou 60 vagas para o X Curso de Aprimoramento, sobrando somente uma.<\/p>\n<p>Para o cirurgi\u00e3o dentista Cl\u00f3vis M\u00e1rcio de Lima, lotado na Unidade B\u00e1sica de Sa\u00fade 08 da Ceil\u00e2ndia, as aulas est\u00e3o sendo proveitosas. \u201cEstou gostando muito do curso! Os professores mostram a teoria e discutem os casos cl\u00ednicos que acontecem nas UBS\u2019s no dia a dia. E a troca de experi\u00eancias com outros colegas enriquece mais ainda o momento\u201d, contou. O servidor j\u00e1 havia participado de outras edi\u00e7\u00f5es.<\/p>\n<p>J\u00e1 o dentista Thiago Soares de Jesus, lotado na Ger\u00eancia de Servi\u00e7o da Aten\u00e7\u00e3o Prim\u00e1ria 02 de Santa Maria, os tr\u00eas dias de curso foram incr\u00edveis. \u201cOs professores s\u00e3o de alta compet\u00eancia, est\u00e3o agregando muito para os participantes, tirando d\u00favidas sobre assuntos atuais e trazendo o melhor dentro de cada tema. Estou muito feliz em participar e poder levar o melhor para os meus pacientes\u201d, garantiu.<\/p>\n<p>O segundo modulo do curso acontecer\u00e1 nos dias 16 e 17 de agosto.<\/p>\n","protected":false},"excerpt":{"rendered":"<p>O Sindicato dos Odontologistas do Distrito Federal iniciou, na \u00faltima quinta-feira (01\/08), o X Curso de Aprimoramento. Ser\u00e3o 11 encontros nos meses de agosto ou setembro com aulas sobre diversos assuntos, totalizando 88 horas. No primeiro dia de aula, tratamos com os cirurgi\u00f5es dentistas inscritos sobre oclus\u00e3o e clareamento, com o professor Gil Montenegro, profissional [&hellip;]<\/p>\n","protected":false},"author":4,"featured_media":7507,"comment_status":"open","ping_status":"open","sticky":false,"template":"","format":"standard","meta":{"footnotes":""},"categories":[4],"tags":[],"class_list":["post-7506","post","type-post","status-publish","format-standard","has-post-thumbnail","hentry","category-noticias"],"post_mailing_queue_ids":[],"_links":{"self":[{"href":"https:\/\/www.sodf.org.br\/wordpress\/wp-json\/wp\/v2\/posts\/7506","targetHints":{"allow":["GET"]}}],"collection":[{"href":"https:\/\/www.sodf.org.br\/wordpress\/wp-json\/wp\/v2\/posts"}],"about":[{"href":"https:\/\/www.sodf.org.br\/wordpress\/wp-json\/wp\/v2\/types\/post"}],"author":[{"embeddable":true,"href":"https:\/\/www.sodf.org.br\/wordpress\/wp-json\/wp\/v2\/users\/4"}],"replies":[{"embeddable":true,"href":"https:\/\/www.sodf.org.br\/wordpress\/wp-json\/wp\/v2\/comments?post=7506"}],"version-history":[{"count":1,"href":"https:\/\/www.sodf.org.br\/wordpress\/wp-json\/wp\/v2\/posts\/7506\/revisions"}],"predecessor-version":[{"id":7508,"href":"https:\/\/www.sodf.org.br\/wordpress\/wp-json\/wp\/v2\/posts\/7506\/revisions\/7508"}],"wp:featuredmedia":[{"embeddable":true,"href":"https:\/\/www.sodf.org.br\/wordpress\/wp-json\/wp\/v2\/media\/7507"}],"wp:attachment":[{"href":"https:\/\/www.sodf.org.br\/wordpress\/wp-json\/wp\/v2\/media?parent=7506"}],"wp:term":[{"taxonomy":"category","embeddable":true,"href":"https:\/\/www.sodf.org.br\/wordpress\/wp-json\/wp\/v2\/categories?post=7506"},{"taxonomy":"post_tag","embeddable":true,"href":"https:\/\/www.sodf.org.br\/wordpress\/wp-json\/wp\/v2\/tags?post=7506"}],"curies":[{"name":"wp","href":"https:\/\/api.w.org\/{rel}","templated":true}]}}