{"id":7494,"date":"2024-07-31T11:18:43","date_gmt":"2024-07-31T14:18:43","guid":{"rendered":"https:\/\/www.sodf.org.br\/wordpress\/?p=7494"},"modified":"2024-07-31T11:18:43","modified_gmt":"2024-07-31T14:18:43","slug":"falta-de-dentistas-pode-comprometer-a-cobertura-de-saude-bucal-no-df","status":"publish","type":"post","link":"https:\/\/www.sodf.org.br\/wordpress\/falta-de-dentistas-pode-comprometer-a-cobertura-de-saude-bucal-no-df\/","title":{"rendered":"Falta de dentistas pode comprometer a cobertura de sa\u00fade bucal no DF"},"content":{"rendered":"<p><em>As nomea\u00e7\u00f5es de dentistas t\u00eam sido historicamente baixas<\/em><\/p>\n<p>&nbsp;<\/p>\n<p>&nbsp;<\/p>\n<p><strong>Por Camila Coimbra<br \/>\nredacao@grupojbr.com<\/strong><\/p>\n<p>&nbsp;<\/p>\n<p>O Distrito Federal conta com apenas 647 dentistas na Secretaria de Sa\u00fade (SES-DF) para atender, em m\u00e9dia, 3 milh\u00f5es de habitantes, resultando em aproximadamente 4 mil pessoas por profissional. As nomea\u00e7\u00f5es de dentistas t\u00eam sido historicamente baixas. Em 2022, o Governo do Distrito Federal realizou um concurso para aumentar o n\u00famero de cirurgi\u00f5es-dentistas na rede p\u00fablica, oferecendo 50 vagas. No entanto, existem 653 cargos vagos na especialidade. Em 2023, mais de mil dentistas foram classificados no concurso, mas apenas 134 profissionais foram nomeados.<\/p>\n<p>Esse n\u00famero insuficiente de dentistas pode comprometer a efic\u00e1cia do investimento federal na sa\u00fade bucal no DF. Por isso, o Sindicato dos Odontologistas do Distrito Federal (SODF) conseguiu renovar, no dia 5 de julho, por mais dois anos, o concurso da SES-DF, permitindo mais tempo para a convoca\u00e7\u00e3o dos profissionais.<\/p>\n<p>Claudia Lustosa, moradora do Guar\u00e1, de 53 anos, \u00e9 dona de casa e relata a dificuldade de conseguir atendimento odontol\u00f3gico na Unidade B\u00e1sica de Sa\u00fade (UBS). Sem plano de sa\u00fade, ela depende do Sistema \u00danico de Sa\u00fade (SUS) para realizar o procedimento de extra\u00e7\u00e3o de um dente canino com raiz quebrada. &#8220;Fui ao posto com o diagn\u00f3stico e o raio-x; a atendente disse que n\u00e3o havia dentista nem material dispon\u00edvel. Pegaram meu nome e pediram para aguardar contato. J\u00e1 se passaram mais de quatro meses e nada&#8221;, conta Claudia.<\/p>\n<p>Aroldo Neto, cirurgi\u00e3o-dentista e diretor do SODF, explica que a falta de profissionais est\u00e1 ligada \u00e0 insufici\u00eancia de infraestrutura para os atendimentos. &#8220;A SES-DF n\u00e3o tem ampliado as UBS, nem criado novos espa\u00e7os para consult\u00f3rios. As estruturas f\u00edsicas do DF s\u00e3o as mesmas desde as d\u00e9cadas de 1980 e 1990, enquanto a popula\u00e7\u00e3o aumentou. N\u00e3o houve um crescimento proporcional da oferta de espa\u00e7os para cirurgi\u00f5es-dentistas&#8221;, destaca Neto. Ele enfatiza que, para uma assist\u00eancia efetiva \u00e0 popula\u00e7\u00e3o, \u00e9 necess\u00e1rio n\u00e3o apenas a presen\u00e7a de profissionais, mas tamb\u00e9m a disponibilidade de espa\u00e7o f\u00edsico e equipamentos odontol\u00f3gicos, o que demanda investimentos significativos.<\/p>\n<p>Segundo a SES-DF, as Unidades B\u00e1sicas de Sa\u00fade contam com 361 equipes de sa\u00fade bucal (compostas por cirurgi\u00f5es-dentistas e t\u00e9cnicos de sa\u00fade bucal), que realizam procedimentos b\u00e1sicos em Odontologia, como profilaxia (limpeza), periodontia b\u00e1sica (tratamento das gengivas), restaura\u00e7\u00f5es e pequenas cirurgias ambulatoriais, al\u00e9m de promoverem a preven\u00e7\u00e3o e educa\u00e7\u00e3o em sa\u00fade em todas as regi\u00f5es.<\/p>\n<p><strong>Programas de sa\u00fade bucal nas escolas<\/strong><\/p>\n<p>As portarias GM\/MS 4.636\/24 e SAPS\/MS 40\/24, publicadas no Di\u00e1rio Oficial da Uni\u00e3o em 1\u00ba de julho, instituem um incentivo financeiro de R$ 7 por aluno matriculado em escolas p\u00fablicas, destinado a a\u00e7\u00f5es educativas, aplica\u00e7\u00e3o t\u00f3pica de fl\u00faor, tratamento restaurador atraum\u00e1tico, kits de higiene bucal e materiais educativos.<\/p>\n<p>O presidente do Conselho Regional de Odontologia do Distrito Federal (CRO-DF), Dr. Carlos Guimar\u00e3es, lamenta a extin\u00e7\u00e3o dos cargos de cirurgi\u00f5es-dentistas nas escolas, o que representou um retrocesso. &#8220;Desde que a Funda\u00e7\u00e3o Educacional deixou de existir, esse cargo foi desfeito. A funda\u00e7\u00e3o, agora absorvida pela Secretaria de Estado de Sa\u00fade, tem se esfor\u00e7ado para ampliar as a\u00e7\u00f5es nas escolas, diferente do que ocorria antigamente, quando havia consult\u00f3rios nos col\u00e9gios&#8221;, explica.<\/p>\n<p>A comiss\u00e3o de A\u00e7\u00e3o Social do CRO-DF ainda realiza a\u00e7\u00f5es em institui\u00e7\u00f5es de ensino e comunidades carentes. &#8220;Nosso objetivo \u00e9 fiscalizar a profiss\u00e3o e o exerc\u00edcio da odontologia e dos profissionais auxiliares, al\u00e9m de informar a popula\u00e7\u00e3o sobre como encontrar um cirurgi\u00e3o-dentista devidamente registrado no Distrito Federal e ressaltar a import\u00e2ncia de buscar atendimento em sa\u00fade bucal&#8221;, detalha Guimar\u00e3es.<\/p>\n<p>Conforme Aroldo Neto, a contrata\u00e7\u00e3o de mais dentistas aumentaria o atendimento \u00e0 popula\u00e7\u00e3o e melhoraria o uso do investimento federal na sa\u00fade bucal dos estudantes. &#8220;A preven\u00e7\u00e3o \u00e9 sempre o melhor tratamento. O Programa Sa\u00fade na Escola permite melhorar a sa\u00fade dessas crian\u00e7as, prevenindo c\u00e1ries e outras doen\u00e7as como gengivite, periodontite e abscessos odontog\u00eanicos&#8221;, afirma.<\/p>\n<p>Neto tamb\u00e9m enfatiza a import\u00e2ncia da Aten\u00e7\u00e3o Prim\u00e1ria \u00e0 Sa\u00fade (APS) nas UBS, que \u00e9 o primeiro n\u00edvel de aten\u00e7\u00e3o em sa\u00fade. &#8220;O atendimento na aten\u00e7\u00e3o prim\u00e1ria est\u00e1 comprometido. Precisamos urgentemente compor as equipes com o m\u00e1ximo de carga hor\u00e1ria poss\u00edvel e dispon\u00edvel. Hoje, trabalhamos sobrecarregados e com uma estrutura de 10 anos atr\u00e1s, sem amplia\u00e7\u00e3o e atualiza\u00e7\u00e3o&#8221;, conclui.<\/p>\n<p>Mat\u00e9ria do Jornal de Bras\u00edlia. Acesse a mat\u00e9ria <a href=\"https:\/\/jornaldebrasilia.com.br\/brasilia\/falta-de-dentistas-pode-comprometer-a-cobertura-de-saude-bucal-no-df\/\" target=\"_new\" rel=\"noreferrer noopener\">aqui<\/a>.<\/p>\n","protected":false},"excerpt":{"rendered":"<p>As nomea\u00e7\u00f5es de dentistas t\u00eam sido historicamente baixas &nbsp; &nbsp; Por Camila Coimbra redacao@grupojbr.com &nbsp; O Distrito Federal conta com apenas 647 dentistas na Secretaria de Sa\u00fade (SES-DF) para atender, em m\u00e9dia, 3 milh\u00f5es de habitantes, resultando em aproximadamente 4 mil pessoas por profissional. As nomea\u00e7\u00f5es de dentistas t\u00eam sido historicamente baixas. Em 2022, o [&hellip;]<\/p>\n","protected":false},"author":4,"featured_media":7495,"comment_status":"open","ping_status":"open","sticky":false,"template":"","format":"standard","meta":{"footnotes":""},"categories":[4],"tags":[],"class_list":["post-7494","post","type-post","status-publish","format-standard","has-post-thumbnail","hentry","category-noticias"],"post_mailing_queue_ids":[],"_links":{"self":[{"href":"https:\/\/www.sodf.org.br\/wordpress\/wp-json\/wp\/v2\/posts\/7494","targetHints":{"allow":["GET"]}}],"collection":[{"href":"https:\/\/www.sodf.org.br\/wordpress\/wp-json\/wp\/v2\/posts"}],"about":[{"href":"https:\/\/www.sodf.org.br\/wordpress\/wp-json\/wp\/v2\/types\/post"}],"author":[{"embeddable":true,"href":"https:\/\/www.sodf.org.br\/wordpress\/wp-json\/wp\/v2\/users\/4"}],"replies":[{"embeddable":true,"href":"https:\/\/www.sodf.org.br\/wordpress\/wp-json\/wp\/v2\/comments?post=7494"}],"version-history":[{"count":1,"href":"https:\/\/www.sodf.org.br\/wordpress\/wp-json\/wp\/v2\/posts\/7494\/revisions"}],"predecessor-version":[{"id":7496,"href":"https:\/\/www.sodf.org.br\/wordpress\/wp-json\/wp\/v2\/posts\/7494\/revisions\/7496"}],"wp:featuredmedia":[{"embeddable":true,"href":"https:\/\/www.sodf.org.br\/wordpress\/wp-json\/wp\/v2\/media\/7495"}],"wp:attachment":[{"href":"https:\/\/www.sodf.org.br\/wordpress\/wp-json\/wp\/v2\/media?parent=7494"}],"wp:term":[{"taxonomy":"category","embeddable":true,"href":"https:\/\/www.sodf.org.br\/wordpress\/wp-json\/wp\/v2\/categories?post=7494"},{"taxonomy":"post_tag","embeddable":true,"href":"https:\/\/www.sodf.org.br\/wordpress\/wp-json\/wp\/v2\/tags?post=7494"}],"curies":[{"name":"wp","href":"https:\/\/api.w.org\/{rel}","templated":true}]}}