{"id":7483,"date":"2024-07-16T11:21:08","date_gmt":"2024-07-16T14:21:08","guid":{"rendered":"https:\/\/www.sodf.org.br\/wordpress\/?p=7483"},"modified":"2024-07-16T11:21:09","modified_gmt":"2024-07-16T14:21:09","slug":"servidores-do-gdf-terao-direito-a-assistencia-odontologica","status":"publish","type":"post","link":"https:\/\/www.sodf.org.br\/wordpress\/servidores-do-gdf-terao-direito-a-assistencia-odontologica\/","title":{"rendered":"Servidores do GDF ter\u00e3o direito a assist\u00eancia odontol\u00f3gica"},"content":{"rendered":"<p>O governador Ibaneis Rocha sancionou a lei que autoriza a presta\u00e7\u00e3o de assist\u00eancia odontol\u00f3gica a servidores civis da administra\u00e7\u00e3o direta, aut\u00e1rquica e fundacional do Distrito Federal, bem como a seus dependentes. A norma ser\u00e1 publicada na edi\u00e7\u00e3o de ter\u00e7a-feira (16) do Di\u00e1rio Oficial do Distrito Federal e regulamentada pelo GDF.<\/p>\n<p>Para o governo estabelecer a presta\u00e7\u00e3o de assist\u00eancia odontol\u00f3gica foi necess\u00e1rio enviar um projeto de lei para aprecia\u00e7\u00e3o da C\u00e2mara Legislativa do Distrito Federal (CLDF) regulamentando o inciso IV do artigo 271 da Lei Complementar n\u00ba 840\/2011, que disp\u00f5e sobre o regime jur\u00eddico dos servidores p\u00fablicos. Esse trecho da norma prev\u00ea que a assist\u00eancia odontol\u00f3gica seja prestada \u201cna forma de aux\u00edlio, mediante ressarcimento parcial do valor despendido com planos ou seguros privados de assist\u00eancia \u00e0 sa\u00fade\u201d.<\/p>\n<p>O novo benef\u00edcio representa mais um avan\u00e7o no cuidado do governo com a sa\u00fade dos servidores criado por esta gest\u00e3o. \u201cN\u00f3s tiramos do papel o plano de sa\u00fade, muito aguardado por eles, e que hoje \u00e9 um sucesso, inclusive aceito nos melhores hospitais e cl\u00ednicas do DF. A inclus\u00e3o da assist\u00eancia odontol\u00f3gica \u00e9 um passo a mais que damos para cuidar da sa\u00fade daqueles que trabalham por um Distrito Federal melhor\u201d, afirma Ibaneis Rocha.<\/p>\n<p>Segundo a Secretaria de Economia, o regramento para a concess\u00e3o do benef\u00edcio est\u00e1 em estudo e ser\u00e1 divulgado por meio de decreto ap\u00f3s a san\u00e7\u00e3o da lei que cria o benef\u00edcio. \u201cJ\u00e1 garantimos cerca de R$ 44 milh\u00f5es no or\u00e7amento deste ano para o programa. Nossa ideia \u00e9 implementar at\u00e9 dezembro para todos os servidores civis do DF\u201d, explica o secret\u00e1rio de Economia, Ney Ferraz.<\/p>\n<p>\u201cA valoriza\u00e7\u00e3o e o cuidado com o servidor \u00e9 uma meta que estamos perseguindo diariamente. A determina\u00e7\u00e3o do governador Ibaneis \u00e9 melhorar a qualidade de vida dos servidores, e a sa\u00fade bucal entra nessa quest\u00e3o. Criamos o plano de sa\u00fade do servidor e agora vamos entregar um aux\u00edlio para o tratamento odontol\u00f3gico\u201d, acrescenta o secret\u00e1rio de Economia.<\/p>\n<p>Plano de Sa\u00fade<\/p>\n<p>Vale lembrar que a atual gest\u00e3o criou, no Dia do Servidor em 28 de outubro de 2020, o GDF Sa\u00fade, e que atualmente conta com 100 mil benefici\u00e1rios da administra\u00e7\u00e3o p\u00fablica. A rede credenciada \u00e9 composta por 2.440 parceiros, sendo 47 hospitais, mais de duas mil cl\u00ednicas, 22 laborat\u00f3rios, uma cooperativa e cinco associa\u00e7\u00f5es m\u00e9dicas. O plano de sa\u00fade voltado ao funcionalismo p\u00fablico \u00e9 gerido pelo Instituto de Assist\u00eancia \u00e0 Sa\u00fade dos Servidores do Distrito Federal (Inas).<\/p>\n<p>Este ano, o conv\u00eanio ampliou a assist\u00eancia passando a atender os servidores do Departamento de Estradas de Rodagem (DER-DF). Tamb\u00e9m foi em 2024 que o plano passou a ser aceito para atendimento ambulatorial em cl\u00ednicas e laborat\u00f3rios de sete cidades, localizadas na \u00c1rea Metropolitana de Bras\u00edlia: Formosa, Planaltina, \u00c1guas Lindas, Valpara\u00edso, Cidade Ocidental, Luzi\u00e2nia e Novo Gama.<\/p>\n<p><strong>* Com informa\u00e7\u00f5es da Ag\u00eancia Bras\u00edlia\u00a0<\/strong><\/p>\n","protected":false},"excerpt":{"rendered":"<p>O governador Ibaneis Rocha sancionou a lei que autoriza a presta\u00e7\u00e3o de assist\u00eancia odontol\u00f3gica a servidores civis da administra\u00e7\u00e3o direta, aut\u00e1rquica e fundacional do Distrito Federal, bem como a seus dependentes. A norma ser\u00e1 publicada na edi\u00e7\u00e3o de ter\u00e7a-feira (16) do Di\u00e1rio Oficial do Distrito Federal e regulamentada pelo GDF. Para o governo estabelecer a [&hellip;]<\/p>\n","protected":false},"author":4,"featured_media":7484,"comment_status":"open","ping_status":"open","sticky":false,"template":"","format":"standard","meta":{"footnotes":""},"categories":[4],"tags":[],"class_list":["post-7483","post","type-post","status-publish","format-standard","has-post-thumbnail","hentry","category-noticias"],"post_mailing_queue_ids":[],"_links":{"self":[{"href":"https:\/\/www.sodf.org.br\/wordpress\/wp-json\/wp\/v2\/posts\/7483","targetHints":{"allow":["GET"]}}],"collection":[{"href":"https:\/\/www.sodf.org.br\/wordpress\/wp-json\/wp\/v2\/posts"}],"about":[{"href":"https:\/\/www.sodf.org.br\/wordpress\/wp-json\/wp\/v2\/types\/post"}],"author":[{"embeddable":true,"href":"https:\/\/www.sodf.org.br\/wordpress\/wp-json\/wp\/v2\/users\/4"}],"replies":[{"embeddable":true,"href":"https:\/\/www.sodf.org.br\/wordpress\/wp-json\/wp\/v2\/comments?post=7483"}],"version-history":[{"count":1,"href":"https:\/\/www.sodf.org.br\/wordpress\/wp-json\/wp\/v2\/posts\/7483\/revisions"}],"predecessor-version":[{"id":7485,"href":"https:\/\/www.sodf.org.br\/wordpress\/wp-json\/wp\/v2\/posts\/7483\/revisions\/7485"}],"wp:featuredmedia":[{"embeddable":true,"href":"https:\/\/www.sodf.org.br\/wordpress\/wp-json\/wp\/v2\/media\/7484"}],"wp:attachment":[{"href":"https:\/\/www.sodf.org.br\/wordpress\/wp-json\/wp\/v2\/media?parent=7483"}],"wp:term":[{"taxonomy":"category","embeddable":true,"href":"https:\/\/www.sodf.org.br\/wordpress\/wp-json\/wp\/v2\/categories?post=7483"},{"taxonomy":"post_tag","embeddable":true,"href":"https:\/\/www.sodf.org.br\/wordpress\/wp-json\/wp\/v2\/tags?post=7483"}],"curies":[{"name":"wp","href":"https:\/\/api.w.org\/{rel}","templated":true}]}}