{"id":7480,"date":"2024-07-11T16:11:34","date_gmt":"2024-07-11T19:11:34","guid":{"rendered":"https:\/\/www.sodf.org.br\/wordpress\/?p=7480"},"modified":"2024-07-11T16:11:34","modified_gmt":"2024-07-11T19:11:34","slug":"conselho-nacional-de-saude-pessoas-que-cuidam-de-pessoas","status":"publish","type":"post","link":"https:\/\/www.sodf.org.br\/wordpress\/conselho-nacional-de-saude-pessoas-que-cuidam-de-pessoas\/","title":{"rendered":"Conselho Nacional de Sa\u00fade &#8211; Pessoas que cuidam de pessoas"},"content":{"rendered":"<p>O Conselho Nacional de Sa\u00fade gostaria de saber sua opini\u00e3o sobre seu trabalho na \u00e1rea da sa\u00fade para contribuir nas delibera\u00e7\u00f5es da 4\u00aa Confer\u00eancia Nacional de Gest\u00e3o do Trabalho e Educa\u00e7\u00e3o na Sa\u00fade, que acontece em 2024.<\/p>\n<p>O question\u00e1rio possui 36 perguntas e ser\u00e1 respondido de forma an\u00f4nima.<\/p>\n<p>Clique <a href=\"https:\/\/lime.dieese.org.br\/index.php\/456812?lang=pt-BR\">aqui<\/a> para acessar o link e participe! Sua contribui\u00e7\u00e3o \u00e9 importante!<\/p>\n","protected":false},"excerpt":{"rendered":"<p>O Conselho Nacional de Sa\u00fade gostaria de saber sua opini\u00e3o sobre seu trabalho na \u00e1rea da sa\u00fade para contribuir nas delibera\u00e7\u00f5es da 4\u00aa Confer\u00eancia Nacional de Gest\u00e3o do Trabalho e Educa\u00e7\u00e3o na Sa\u00fade, que acontece em 2024. O question\u00e1rio possui 36 perguntas e ser\u00e1 respondido de forma an\u00f4nima. Clique aqui para acessar o link e [&hellip;]<\/p>\n","protected":false},"author":4,"featured_media":7481,"comment_status":"open","ping_status":"open","sticky":false,"template":"","format":"standard","meta":{"footnotes":""},"categories":[4],"tags":[],"class_list":["post-7480","post","type-post","status-publish","format-standard","has-post-thumbnail","hentry","category-noticias"],"post_mailing_queue_ids":[],"_links":{"self":[{"href":"https:\/\/www.sodf.org.br\/wordpress\/wp-json\/wp\/v2\/posts\/7480","targetHints":{"allow":["GET"]}}],"collection":[{"href":"https:\/\/www.sodf.org.br\/wordpress\/wp-json\/wp\/v2\/posts"}],"about":[{"href":"https:\/\/www.sodf.org.br\/wordpress\/wp-json\/wp\/v2\/types\/post"}],"author":[{"embeddable":true,"href":"https:\/\/www.sodf.org.br\/wordpress\/wp-json\/wp\/v2\/users\/4"}],"replies":[{"embeddable":true,"href":"https:\/\/www.sodf.org.br\/wordpress\/wp-json\/wp\/v2\/comments?post=7480"}],"version-history":[{"count":1,"href":"https:\/\/www.sodf.org.br\/wordpress\/wp-json\/wp\/v2\/posts\/7480\/revisions"}],"predecessor-version":[{"id":7482,"href":"https:\/\/www.sodf.org.br\/wordpress\/wp-json\/wp\/v2\/posts\/7480\/revisions\/7482"}],"wp:featuredmedia":[{"embeddable":true,"href":"https:\/\/www.sodf.org.br\/wordpress\/wp-json\/wp\/v2\/media\/7481"}],"wp:attachment":[{"href":"https:\/\/www.sodf.org.br\/wordpress\/wp-json\/wp\/v2\/media?parent=7480"}],"wp:term":[{"taxonomy":"category","embeddable":true,"href":"https:\/\/www.sodf.org.br\/wordpress\/wp-json\/wp\/v2\/categories?post=7480"},{"taxonomy":"post_tag","embeddable":true,"href":"https:\/\/www.sodf.org.br\/wordpress\/wp-json\/wp\/v2\/tags?post=7480"}],"curies":[{"name":"wp","href":"https:\/\/api.w.org\/{rel}","templated":true}]}}