{"id":7333,"date":"2024-06-19T15:09:24","date_gmt":"2024-06-19T18:09:24","guid":{"rendered":"https:\/\/www.sodf.org.br\/wordpress\/?p=7333"},"modified":"2024-06-19T16:19:19","modified_gmt":"2024-06-19T19:19:19","slug":"sodf-realiza-reuniao-com-o-escritorio-riedel","status":"publish","type":"post","link":"https:\/\/www.sodf.org.br\/wordpress\/sodf-realiza-reuniao-com-o-escritorio-riedel\/","title":{"rendered":"SODF realiza reuni\u00e3o com o escrit\u00f3rio Riedel"},"content":{"rendered":"<p>A diretoria jur\u00eddica do Sindicato dos Odontologistas do DF, representada pelo diretor Aroldo Pinheiro de Moura Neto, participou, na manh\u00e3 desta quarta-feira (19\/06), da reuni\u00e3o mensal com o escrit\u00f3rio Riedel, juntamente com os advogados Marco Ant\u00f4nio Bilibio Carvalho e Rafael Texeira Moretti.<\/p>\n<p>Entre os assuntos tratados, destacaram-se a amplia\u00e7\u00e3o dos servi\u00e7os prestados pelo escrit\u00f3rio de advocacia, a atualiza\u00e7\u00e3o dos processos em andamento e a formula\u00e7\u00e3o de novas teses. Ap\u00f3s a discuss\u00e3o das ideias, o escrit\u00f3rio de advocacia se comprometeu a elaborar uma proposta para a amplia\u00e7\u00e3o dos casos c\u00edveis, tribut\u00e1rios e empresariais.<\/p>\n<p>\u201cN\u00e3o podemos abranger tudo, pois o leque de quest\u00f5es, principalmente na \u00e1rea c\u00edvel, \u00e9 muito extenso. No entanto, podemos especificar as \u00e1reas em que podemos colaborar com o cirurgi\u00e3o-dentista associado\u201d, informou Bilibio.<\/p>\n<p>Fiquem atentos, pois em breve teremos novidades.<\/p>\n","protected":false},"excerpt":{"rendered":"<p>A diretoria jur\u00eddica do Sindicato dos Odontologistas do DF, representada pelo diretor Aroldo Pinheiro de Moura Neto, participou, na manh\u00e3 desta quarta-feira (19\/06), da reuni\u00e3o mensal com o escrit\u00f3rio Riedel, juntamente com os advogados Marco Ant\u00f4nio Bilibio Carvalho e Rafael Texeira Moretti. Entre os assuntos tratados, destacaram-se a amplia\u00e7\u00e3o dos servi\u00e7os prestados pelo escrit\u00f3rio de [&hellip;]<\/p>\n","protected":false},"author":4,"featured_media":7334,"comment_status":"open","ping_status":"open","sticky":false,"template":"","format":"standard","meta":{"footnotes":""},"categories":[4],"tags":[],"class_list":["post-7333","post","type-post","status-publish","format-standard","has-post-thumbnail","hentry","category-noticias"],"post_mailing_queue_ids":[],"_links":{"self":[{"href":"https:\/\/www.sodf.org.br\/wordpress\/wp-json\/wp\/v2\/posts\/7333","targetHints":{"allow":["GET"]}}],"collection":[{"href":"https:\/\/www.sodf.org.br\/wordpress\/wp-json\/wp\/v2\/posts"}],"about":[{"href":"https:\/\/www.sodf.org.br\/wordpress\/wp-json\/wp\/v2\/types\/post"}],"author":[{"embeddable":true,"href":"https:\/\/www.sodf.org.br\/wordpress\/wp-json\/wp\/v2\/users\/4"}],"replies":[{"embeddable":true,"href":"https:\/\/www.sodf.org.br\/wordpress\/wp-json\/wp\/v2\/comments?post=7333"}],"version-history":[{"count":1,"href":"https:\/\/www.sodf.org.br\/wordpress\/wp-json\/wp\/v2\/posts\/7333\/revisions"}],"predecessor-version":[{"id":7335,"href":"https:\/\/www.sodf.org.br\/wordpress\/wp-json\/wp\/v2\/posts\/7333\/revisions\/7335"}],"wp:featuredmedia":[{"embeddable":true,"href":"https:\/\/www.sodf.org.br\/wordpress\/wp-json\/wp\/v2\/media\/7334"}],"wp:attachment":[{"href":"https:\/\/www.sodf.org.br\/wordpress\/wp-json\/wp\/v2\/media?parent=7333"}],"wp:term":[{"taxonomy":"category","embeddable":true,"href":"https:\/\/www.sodf.org.br\/wordpress\/wp-json\/wp\/v2\/categories?post=7333"},{"taxonomy":"post_tag","embeddable":true,"href":"https:\/\/www.sodf.org.br\/wordpress\/wp-json\/wp\/v2\/tags?post=7333"}],"curies":[{"name":"wp","href":"https:\/\/api.w.org\/{rel}","templated":true}]}}