{"id":7319,"date":"2024-06-14T17:48:33","date_gmt":"2024-06-14T20:48:33","guid":{"rendered":"https:\/\/www.sodf.org.br\/wordpress\/?p=7319"},"modified":"2024-06-14T17:49:12","modified_gmt":"2024-06-14T20:49:12","slug":"apoio-do-sodf-ao-sindate-df-e-aos-tecnicos-em-enfermagem","status":"publish","type":"post","link":"https:\/\/www.sodf.org.br\/wordpress\/apoio-do-sodf-ao-sindate-df-e-aos-tecnicos-em-enfermagem\/","title":{"rendered":"Apoio do SODF ao Sindate-DF e aos T\u00e9cnicos em Enfermagem"},"content":{"rendered":"<p style=\"text-align: left;\">O Sindicato dos Odontologistas do Distrito Federal (SODF) expressa seu total apoio ao Sindicato dos T\u00e9cnicos em Enfermagem do Distrito Federal (Sindate-DF) e a todos os seus trabalhadores, que iniciar\u00e3o uma greve a partir da pr\u00f3xima segunda-feira, 17 de junho.<\/p>\n<p>O direito \u00e0 greve \u00e9 garantido pelo artigo 9\u00ba da Constitui\u00e7\u00e3o Federal: &#8220;\u00c9 assegurado o direito de greve, competindo aos trabalhadores decidir sobre a oportunidade de exerc\u00ea-lo e sobre os interesses que devam, por meio dele, defender.&#8221;<\/p>\n<p>Assim como o Sindate-DF, o SODF tem buscado incansavelmente dialogar com o governo sobre propostas que visem \u00e0 melhoria da sa\u00fade bucal no Distrito Federal e \u00e0 valoriza\u00e7\u00e3o dos cirurgi\u00f5es-dentistas. Contudo, nossas tentativas de negocia\u00e7\u00e3o t\u00eam sido repetidamente ignoradas.<\/p>\n<p>O Governo do Distrito Federal n\u00e3o tem demonstrado interesse em negociar com os servidores da \u00e1rea da sa\u00fade, tampouco tem se preocupado com a sa\u00fade f\u00edsica e mental dos trabalhadores. Este desrespeito tamb\u00e9m afeta os usu\u00e1rios do sistema de sa\u00fade, que frequentemente n\u00e3o encontram o atendimento necess\u00e1rio devido \u00e0 sobrecarga dos profissionais e ao sucateamento das unidades de sa\u00fade e hospitais.<\/p>\n<p>Al\u00e9m disso, o governo tem se utilizado do subterf\u00fagio da judicializa\u00e7\u00e3o das greves ao longo de seu mandato para impedir o exerc\u00edcio leg\u00edtimo do direito dos trabalhadores, prejudicando ainda mais a luta por condi\u00e7\u00f5es dignas de trabalho e atendimento de qualidade \u00e0 popula\u00e7\u00e3o.<\/p>\n<p>O SODF compreende e apoia a luta dos t\u00e9cnicos em enfermagem e de todas as outras categorias que, neste momento, se encontram desvalorizadas e sobrecarregadas.<\/p>\n<p>Estamos ao lado de voc\u00eas nesta luta e reafirmamos nosso respeito e solidariedade!<\/p>\n<p>Contem sempre com o nosso apoio!<\/p>\n<p>Sindicato dos Odontologistas do Distrito Federal (SODF)<\/p>\n","protected":false},"excerpt":{"rendered":"<p>O Sindicato dos Odontologistas do Distrito Federal (SODF) expressa seu total apoio ao Sindicato dos T\u00e9cnicos em Enfermagem do Distrito Federal (Sindate-DF) e a todos os seus trabalhadores, que iniciar\u00e3o uma greve a partir da pr\u00f3xima segunda-feira, 17 de junho. O direito \u00e0 greve \u00e9 garantido pelo artigo 9\u00ba da Constitui\u00e7\u00e3o Federal: &#8220;\u00c9 assegurado o [&hellip;]<\/p>\n","protected":false},"author":4,"featured_media":7320,"comment_status":"open","ping_status":"open","sticky":false,"template":"","format":"standard","meta":{"footnotes":""},"categories":[4],"tags":[],"class_list":["post-7319","post","type-post","status-publish","format-standard","has-post-thumbnail","hentry","category-noticias"],"post_mailing_queue_ids":[],"_links":{"self":[{"href":"https:\/\/www.sodf.org.br\/wordpress\/wp-json\/wp\/v2\/posts\/7319","targetHints":{"allow":["GET"]}}],"collection":[{"href":"https:\/\/www.sodf.org.br\/wordpress\/wp-json\/wp\/v2\/posts"}],"about":[{"href":"https:\/\/www.sodf.org.br\/wordpress\/wp-json\/wp\/v2\/types\/post"}],"author":[{"embeddable":true,"href":"https:\/\/www.sodf.org.br\/wordpress\/wp-json\/wp\/v2\/users\/4"}],"replies":[{"embeddable":true,"href":"https:\/\/www.sodf.org.br\/wordpress\/wp-json\/wp\/v2\/comments?post=7319"}],"version-history":[{"count":2,"href":"https:\/\/www.sodf.org.br\/wordpress\/wp-json\/wp\/v2\/posts\/7319\/revisions"}],"predecessor-version":[{"id":7322,"href":"https:\/\/www.sodf.org.br\/wordpress\/wp-json\/wp\/v2\/posts\/7319\/revisions\/7322"}],"wp:featuredmedia":[{"embeddable":true,"href":"https:\/\/www.sodf.org.br\/wordpress\/wp-json\/wp\/v2\/media\/7320"}],"wp:attachment":[{"href":"https:\/\/www.sodf.org.br\/wordpress\/wp-json\/wp\/v2\/media?parent=7319"}],"wp:term":[{"taxonomy":"category","embeddable":true,"href":"https:\/\/www.sodf.org.br\/wordpress\/wp-json\/wp\/v2\/categories?post=7319"},{"taxonomy":"post_tag","embeddable":true,"href":"https:\/\/www.sodf.org.br\/wordpress\/wp-json\/wp\/v2\/tags?post=7319"}],"curies":[{"name":"wp","href":"https:\/\/api.w.org\/{rel}","templated":true}]}}