{"id":7314,"date":"2024-06-09T15:25:23","date_gmt":"2024-06-09T18:25:23","guid":{"rendered":"https:\/\/www.sodf.org.br\/wordpress\/?p=7314"},"modified":"2024-06-11T15:26:06","modified_gmt":"2024-06-11T18:26:06","slug":"junho-vermelho-hemocentro-lanca-campanha-para-conscientizacao-sobre-doacao-de-sangue","status":"publish","type":"post","link":"https:\/\/www.sodf.org.br\/wordpress\/junho-vermelho-hemocentro-lanca-campanha-para-conscientizacao-sobre-doacao-de-sangue\/","title":{"rendered":"Junho Vermelho: Hemocentro lan\u00e7a campanha para conscientiza\u00e7\u00e3o sobre doa\u00e7\u00e3o de sangue"},"content":{"rendered":"<p><i>Programa\u00e7\u00e3o para o m\u00eas inclui evento para pessoas com doen\u00e7a falciforme, homenagem a doadores e coletas externas de sangue<\/i><\/p>\n<p>Com o objetivo de promover a doa\u00e7\u00e3o de sangue volunt\u00e1ria, a Funda\u00e7\u00e3o Hemocentro de Bras\u00edlia (FHB) lan\u00e7ou neste m\u00eas, a campanha \u201cJunho Vermelho: Unidos pela Vida\u201d. Junho \u00e9 conhecido nacionalmente como o m\u00eas de conscientiza\u00e7\u00e3o \u00e0 import\u00e2ncia da doa\u00e7\u00e3o de sangue. No dia 14 do m\u00eas \u00e9 celebrado o Dia Mundial do Doador de Sangue, data institu\u00edda pela Organiza\u00e7\u00e3o Mundial da Sa\u00fade (OMS).<\/p>\n<p>\u201cA utiliza\u00e7\u00e3o de sangue no mundo inteiro tem uma import\u00e2ncia cultural que foi aumentando com o tempo. Isso come\u00e7ou com a Cruz Vermelha e depois os pr\u00f3prios pa\u00edses organizaram as suas hemorredes. Aqui no Distrito Federal, a Funda\u00e7\u00e3o Hemocentro de Bras\u00edlia \u00e9 a respons\u00e1vel por garantir uma doa\u00e7\u00e3o de sangue segura e com qualidade\u201d, explica o presidente do Hemocentro, Osnei Okumoto.<\/p>\n<p>Neste ano, a campanha do Hemocentro tem como foco o elo estabelecido entre doadores e pacientes por meio da doa\u00e7\u00e3o volunt\u00e1ria.\u00a0 \u201cA doa\u00e7\u00e3o de sangue \u00e9 altru\u00edsta e an\u00f4nima. Mas o doador precisa ter consci\u00eancia de que o sangue dele vai ser processado e pode salvar at\u00e9 quatro pessoas diferentes com doen\u00e7as diversas\u201d, completa Okumoto.<\/p>\n<p>Ao longo do m\u00eas, em comemora\u00e7\u00e3o \u00e0 data, o Hemocentro promover\u00e1 palestras sobre doa\u00e7\u00e3o de sangue, forma\u00e7\u00e3o de multiplicadores e de organizadores de grupos de doa\u00e7\u00e3o, al\u00e9m da distribui\u00e7\u00e3o de brindes.<\/p>\n<p>Tamb\u00e9m como parte da campanha, o Hemocentro de Bras\u00edlia realizar\u00e1 tr\u00eas coletas externas com a unidade m\u00f3vel no m\u00eas de junho. Nesta ter\u00e7a (4), a a\u00e7\u00e3o ocorrer\u00e1 na Ordem dos Advogados do Brasil (OAB) do Gama, de 9h \u00e0s 16h.<\/p>\n<p>No dia 14 de junho, o Dia Mundial do Doador de Sangue, a FHB promover\u00e1 uma coleta de sangue no Pal\u00e1cio do Buriti, como parte da campanha \u201cMulheres no Poder Doando Sangue e Salvando Vidas 2024\u201d, da vice-governadoria do Distrito Federal. J\u00e1 no dia 27 de junho, a Presid\u00eancia da Rep\u00fablica receber\u00e1 a unidade m\u00f3vel de coleta externa no Pal\u00e1cio do Planalto.<\/p>\n<p>Para manter os estoques em n\u00edveis seguros, o Hemocentro de Bras\u00edlia precisa de uma m\u00e9dia de 180 doa\u00e7\u00f5es de sangue por dia. A funda\u00e7\u00e3o \u00e9 respons\u00e1vel por abastecer toda a rede de sa\u00fade p\u00fablica do Distrito Federal, al\u00e9m de institui\u00e7\u00f5es conveniadas, como o Hospital da Crian\u00e7a, o Instituto de Cardiologia do DF e o Hospital das For\u00e7as Armadas.<\/p>\n<p><b>DOEN\u00c7A FALCIFORME<\/b><\/p>\n<p>Dentro da programa\u00e7\u00e3o do Junho Vermelho, o Hemocentro promove, no dia 19 de junho, o Dia Mundial de Conscientiza\u00e7\u00e3o da Doen\u00e7a Falciforme, um evento voltado para doadores de sangue fenotipados e pacientes com doen\u00e7a falciforme. O encontro acontece no audit\u00f3rio da FHB, de 8h \u00e0s 12h.<\/p>\n<p>O objetivo do encontro \u00e9 esclarecer a import\u00e2ncia de ser um doador fenotipado e refor\u00e7ar a import\u00e2ncia do tratamento e do autocuidado para pacientes com doen\u00e7a falciforme.<\/p>\n<p>Um doador fenotipado \u00e9 um tipo de doador no qual s\u00e3o pesquisados outros grupos sangu\u00edneos al\u00e9m do ABO e Rh. Isto significa que, al\u00e9m de saber se o doador \u00e9 A, B, AB ou O (com Rh + ou -), tamb\u00e9m \u00e9 realizado um exame mais aprofundado do Rh e de outros subgrupos sangu\u00edneos. Este exame \u00e9 chamado de fenotipagem.<\/p>\n<p>Pacientes com doen\u00e7as hematol\u00f3gicas, como a doen\u00e7a falciforme, que necessitem de v\u00e1rias transfus\u00f5es de sangue ao longo da vida recebem, em geral, transfus\u00f5es de doadores fenotipados.<\/p>\n<p>\u201cA doen\u00e7a falciforme \u00e9 uma doen\u00e7a gen\u00e9tica, ent\u00e3o o beb\u00ea j\u00e1 nasce com ela. Ap\u00f3s o diagn\u00f3stico, essas crian\u00e7as come\u00e7am a realizar transfus\u00f5es de sangue. Muitos desses pacientes precisam de transfus\u00f5es todo m\u00eas. E esse sangue doado no Hemocentro que garante uma qualidade de vida maior a essas pessoas\u201d, explica o presidente da FHB.<\/p>\n<p><b>DOE SANGUE<\/b><\/p>\n<p>Para doar sangue, \u00e9 preciso ter entre 16 e 69 anos, pesar mais de 51 kg e estar saud\u00e1vel. Quem passou por cirurgia, exame endosc\u00f3pico ou adoeceu recentemente, a recomenda\u00e7\u00e3o \u00e9 consultar o site do Hemocentro para saber se est\u00e1 apto a doar sangue.<\/p>\n<p>Quem teve gripe deve aguardar 15 dias ap\u00f3s o desaparecimento dos sintomas para poder doar sangue. Quem teve Covid-19 deve aguardar 10 dias ap\u00f3s o fim dos sintomas, desde que sem sequelas. Se assintom\u00e1tico, o prazo \u00e9 contado da data de coleta do exame. Pacientes diagnosticados com dengue cl\u00e1ssica devem aguardar 30 dias para se candidatar \u00e0 doa\u00e7\u00e3o de sangue. Para dengue hemorr\u00e1gica, o prazo \u00e9 de seis meses.<\/p>\n<p>\u00c9 necess\u00e1rio agendar a doa\u00e7\u00e3o no site Agenda DF ou ligando para o telefone 160 (op\u00e7\u00e3o 2),\u00a0 por\u00e9m \u00e9 poss\u00edvel realizar encaixes dependendo da disponibilidade de vagas no dia.<\/p>\n<p>*Com informa\u00e7\u00f5es do Hemocentro de Bras\u00edlia<\/p>\n","protected":false},"excerpt":{"rendered":"<p>Programa\u00e7\u00e3o para o m\u00eas inclui evento para pessoas com doen\u00e7a falciforme, homenagem a doadores e coletas externas de sangue Com o objetivo de promover a doa\u00e7\u00e3o de sangue volunt\u00e1ria, a Funda\u00e7\u00e3o Hemocentro de Bras\u00edlia (FHB) lan\u00e7ou neste m\u00eas, a campanha \u201cJunho Vermelho: Unidos pela Vida\u201d. Junho \u00e9 conhecido nacionalmente como o m\u00eas de conscientiza\u00e7\u00e3o \u00e0 [&hellip;]<\/p>\n","protected":false},"author":4,"featured_media":7315,"comment_status":"open","ping_status":"open","sticky":false,"template":"","format":"standard","meta":{"footnotes":""},"categories":[4],"tags":[],"class_list":["post-7314","post","type-post","status-publish","format-standard","has-post-thumbnail","hentry","category-noticias"],"post_mailing_queue_ids":[],"_links":{"self":[{"href":"https:\/\/www.sodf.org.br\/wordpress\/wp-json\/wp\/v2\/posts\/7314","targetHints":{"allow":["GET"]}}],"collection":[{"href":"https:\/\/www.sodf.org.br\/wordpress\/wp-json\/wp\/v2\/posts"}],"about":[{"href":"https:\/\/www.sodf.org.br\/wordpress\/wp-json\/wp\/v2\/types\/post"}],"author":[{"embeddable":true,"href":"https:\/\/www.sodf.org.br\/wordpress\/wp-json\/wp\/v2\/users\/4"}],"replies":[{"embeddable":true,"href":"https:\/\/www.sodf.org.br\/wordpress\/wp-json\/wp\/v2\/comments?post=7314"}],"version-history":[{"count":1,"href":"https:\/\/www.sodf.org.br\/wordpress\/wp-json\/wp\/v2\/posts\/7314\/revisions"}],"predecessor-version":[{"id":7316,"href":"https:\/\/www.sodf.org.br\/wordpress\/wp-json\/wp\/v2\/posts\/7314\/revisions\/7316"}],"wp:featuredmedia":[{"embeddable":true,"href":"https:\/\/www.sodf.org.br\/wordpress\/wp-json\/wp\/v2\/media\/7315"}],"wp:attachment":[{"href":"https:\/\/www.sodf.org.br\/wordpress\/wp-json\/wp\/v2\/media?parent=7314"}],"wp:term":[{"taxonomy":"category","embeddable":true,"href":"https:\/\/www.sodf.org.br\/wordpress\/wp-json\/wp\/v2\/categories?post=7314"},{"taxonomy":"post_tag","embeddable":true,"href":"https:\/\/www.sodf.org.br\/wordpress\/wp-json\/wp\/v2\/tags?post=7314"}],"curies":[{"name":"wp","href":"https:\/\/api.w.org\/{rel}","templated":true}]}}