{"id":7310,"date":"2024-06-10T15:14:04","date_gmt":"2024-06-10T18:14:04","guid":{"rendered":"https:\/\/www.sodf.org.br\/wordpress\/?p=7310"},"modified":"2024-06-11T15:19:46","modified_gmt":"2024-06-11T18:19:46","slug":"7310-2","status":"publish","type":"post","link":"https:\/\/www.sodf.org.br\/wordpress\/7310-2\/","title":{"rendered":"UnB promove curso de atualiza\u00e7\u00e3o"},"content":{"rendered":"<p><strong>Aten\u00e7\u00e3o equipes de sa\u00fade bucal do DF!<\/strong><\/p>\n<p>A Universidade de Bras\u00edlia est\u00e1 promovendo o curso de atualiza\u00e7\u00e3o \u201cOdontologia de M\u00ednima Interven\u00e7\u00e3o no Contexto do Programa Sa\u00fade na Escola\u201d. Esta \u00e9 uma excelente oportunidade para se atualizar sobre o tema e conhecer as possibilidades de organiza\u00e7\u00e3o das demandas na Aten\u00e7\u00e3o Prim\u00e1ria \u00e0 Sa\u00fade.<\/p>\n<p><strong>Detalhes do Curso:<\/strong><\/p>\n<ul>\n<li><strong>Gratuito<\/strong><\/li>\n<li><strong>Modelo h\u00edbrido<\/strong><\/li>\n<li><strong>In\u00edcio em agosto e t\u00e9rmino em dezembro<\/strong><\/li>\n<\/ul>\n<p><strong>Inscri\u00e7\u00f5es:<\/strong><\/p>\n<ul>\n<li>Abertas at\u00e9 15 de julho<\/li>\n<li>Link para inscri\u00e7\u00e3o: <a href=\"https:\/\/forms.gle\/UNTHFkE8UvkbSx7k7\" target=\"_new\" rel=\"noreferrer noopener\">https:\/\/forms.gle\/UNTHFkE8UvkbSx7k7<\/a><\/li>\n<\/ul>\n<p><strong>\ud83e\uddb7 O que voc\u00ea encontrar\u00e1 na capacita\u00e7\u00e3o?<\/strong><\/p>\n<ul>\n<li>Aulas gravadas, que podem ser assistidas remotamente, divididas em 4 m\u00f3dulos de atividades;<\/li>\n<li>Momentos s\u00edncronos com lives no YouTube;<\/li>\n<li>Dois encontros presenciais na Faculdade de Ci\u00eancias da Sa\u00fade da Universidade de Bras\u00edlia;<\/li>\n<li>Certifica\u00e7\u00e3o dos participantes ap\u00f3s a conclus\u00e3o dos m\u00f3dulos, com carga hor\u00e1ria de 60 horas.<\/li>\n<\/ul>\n<p><strong>Mais informa\u00e7\u00f5es:<\/strong><\/p>\n<ul>\n<li>Email: <a rel=\"noreferrer\">capacitaomidf@gmail.com<\/a><\/li>\n<li>Instagram: <a href=\"https:\/\/instagram.com\/odontosusunb\" target=\"_new\" rel=\"noreferrer noopener\">@odontosusunb<\/a><\/li>\n<\/ul>\n<p>N\u00e3o perca essa oportunidade de aprimorar seus conhecimentos e contribuir para a sa\u00fade bucal na nossa comunidade!<\/p>\n","protected":false},"excerpt":{"rendered":"<p>Aten\u00e7\u00e3o equipes de sa\u00fade bucal do DF! A Universidade de Bras\u00edlia est\u00e1 promovendo o curso de atualiza\u00e7\u00e3o \u201cOdontologia de M\u00ednima Interven\u00e7\u00e3o no Contexto do Programa Sa\u00fade na Escola\u201d. Esta \u00e9 uma excelente oportunidade para se atualizar sobre o tema e conhecer as possibilidades de organiza\u00e7\u00e3o das demandas na Aten\u00e7\u00e3o Prim\u00e1ria \u00e0 Sa\u00fade. Detalhes do Curso: [&hellip;]<\/p>\n","protected":false},"author":4,"featured_media":7311,"comment_status":"open","ping_status":"open","sticky":false,"template":"","format":"standard","meta":{"footnotes":""},"categories":[4],"tags":[],"class_list":["post-7310","post","type-post","status-publish","format-standard","has-post-thumbnail","hentry","category-noticias"],"post_mailing_queue_ids":[],"_links":{"self":[{"href":"https:\/\/www.sodf.org.br\/wordpress\/wp-json\/wp\/v2\/posts\/7310","targetHints":{"allow":["GET"]}}],"collection":[{"href":"https:\/\/www.sodf.org.br\/wordpress\/wp-json\/wp\/v2\/posts"}],"about":[{"href":"https:\/\/www.sodf.org.br\/wordpress\/wp-json\/wp\/v2\/types\/post"}],"author":[{"embeddable":true,"href":"https:\/\/www.sodf.org.br\/wordpress\/wp-json\/wp\/v2\/users\/4"}],"replies":[{"embeddable":true,"href":"https:\/\/www.sodf.org.br\/wordpress\/wp-json\/wp\/v2\/comments?post=7310"}],"version-history":[{"count":2,"href":"https:\/\/www.sodf.org.br\/wordpress\/wp-json\/wp\/v2\/posts\/7310\/revisions"}],"predecessor-version":[{"id":7313,"href":"https:\/\/www.sodf.org.br\/wordpress\/wp-json\/wp\/v2\/posts\/7310\/revisions\/7313"}],"wp:featuredmedia":[{"embeddable":true,"href":"https:\/\/www.sodf.org.br\/wordpress\/wp-json\/wp\/v2\/media\/7311"}],"wp:attachment":[{"href":"https:\/\/www.sodf.org.br\/wordpress\/wp-json\/wp\/v2\/media?parent=7310"}],"wp:term":[{"taxonomy":"category","embeddable":true,"href":"https:\/\/www.sodf.org.br\/wordpress\/wp-json\/wp\/v2\/categories?post=7310"},{"taxonomy":"post_tag","embeddable":true,"href":"https:\/\/www.sodf.org.br\/wordpress\/wp-json\/wp\/v2\/tags?post=7310"}],"curies":[{"name":"wp","href":"https:\/\/api.w.org\/{rel}","templated":true}]}}