{"id":7299,"date":"2024-06-07T10:32:33","date_gmt":"2024-06-07T13:32:33","guid":{"rendered":"https:\/\/www.sodf.org.br\/wordpress\/?p=7299"},"modified":"2024-06-07T10:32:33","modified_gmt":"2024-06-07T13:32:33","slug":"4acngtes-cns-lanca-pesquisa-para-ouvir-trabalhadoras-e-trabalhadores-da-saude","status":"publish","type":"post","link":"https:\/\/www.sodf.org.br\/wordpress\/4acngtes-cns-lanca-pesquisa-para-ouvir-trabalhadoras-e-trabalhadores-da-saude\/","title":{"rendered":"4\u00aaCNGTES: CNS lan\u00e7a pesquisa para ouvir trabalhadoras e trabalhadores da sa\u00fade"},"content":{"rendered":"<p><em>A iniciativa faz parte das a\u00e7\u00f5es de mobiliza\u00e7\u00e3o do CNS para a confer\u00eancia, que ocorrer\u00e1 de 10 a 13 de dezembro de 2024<\/em><\/p>\n<p>O Conselho Nacional de Sa\u00fade (CNS) realiza uma importante pesquisa para ouvir voc\u00ea, trabalhadora e trabalhador da sa\u00fade. Este \u00e9 mais um instrumento que busca entender as condi\u00e7\u00f5es de trabalho e identificar os temas priorit\u00e1rios para discuss\u00e3o na 4\u00aa Confer\u00eancia Nacional de Gest\u00e3o do Trabalho e Educa\u00e7\u00e3o na Sa\u00fade (CNGTES). Esta consulta, parceria com o Departamento Intersindical de Estat\u00edstica e Estudos Socioecon\u00f4micos (Dieese), faz parte das a\u00e7\u00f5es de mobiliza\u00e7\u00e3o para a confer\u00eancia.<\/p>\n<p>A etapa nacional da 4\u00aa CNGTES ocorrer\u00e1 de 10 a 13 de dezembro de 2024, em Bras\u00edlia, com o tema &#8220;Democracia, Trabalho e Educa\u00e7\u00e3o na Sa\u00fade para o Desenvolvimento: Gente que faz o SUS acontecer&#8221;.<\/p>\n<p>A 4\u00aa CNGTES ser\u00e1 um espa\u00e7o dedicado ao debate e \u00e0 formula\u00e7\u00e3o de pol\u00edticas p\u00fablicas para aprimorar a gest\u00e3o do trabalho e da educa\u00e7\u00e3o na sa\u00fade. Esta confer\u00eancia reafirma o compromisso do Brasil com a constru\u00e7\u00e3o de um sistema de sa\u00fade mais justo, eficiente e democr\u00e1tico, destacando o papel vital dos trabalhadores e educadores da sa\u00fade no desenvolvimento do pa\u00eds.<\/p>\n<p><strong>Sobre a Pesquisa<\/strong><\/p>\n<ul class=\"ak-ul\">\n<li>Question\u00e1rio An\u00f4nimo: N\u00e3o \u00e9 necess\u00e1rio fornecer informa\u00e7\u00f5es de identifica\u00e7\u00e3o pessoal.<\/li>\n<li>Dura\u00e7\u00e3o: A pesquisa cont\u00e9m 36 quest\u00f5es r\u00e1pidas e objetivas.<\/li>\n<li>Foco: Caracterizar o perfil dos profissionais de sa\u00fade, entender as condi\u00e7\u00f5es de trabalho e identificar os principais temas de interesse.<\/li>\n<\/ul>\n<p><strong>Como Participar?<\/strong><\/p>\n<p>Para responder clique\u00a0<a href=\"https:\/\/lime.dieese.org.br\/index.php\/456812?lang=pt-BR\" target=\"_blank\" rel=\"noopener\"><strong>aqui<\/strong>,<\/a>\u00a0e preencha o formul\u00e1rio at\u00e9 o dia 5 de julho de 2024. Sua voz \u00e9 essencial para construirmos juntos um sistema de sa\u00fade mais justo, eficiente e com melhores condi\u00e7\u00f5es de trabalho.<\/p>\n<p>Ascom CNS<\/p>\n","protected":false},"excerpt":{"rendered":"<p>A iniciativa faz parte das a\u00e7\u00f5es de mobiliza\u00e7\u00e3o do CNS para a confer\u00eancia, que ocorrer\u00e1 de 10 a 13 de dezembro de 2024 O Conselho Nacional de Sa\u00fade (CNS) realiza uma importante pesquisa para ouvir voc\u00ea, trabalhadora e trabalhador da sa\u00fade. Este \u00e9 mais um instrumento que busca entender as condi\u00e7\u00f5es de trabalho e identificar [&hellip;]<\/p>\n","protected":false},"author":4,"featured_media":7300,"comment_status":"open","ping_status":"open","sticky":false,"template":"","format":"standard","meta":{"footnotes":""},"categories":[4],"tags":[],"class_list":["post-7299","post","type-post","status-publish","format-standard","has-post-thumbnail","hentry","category-noticias"],"post_mailing_queue_ids":[],"_links":{"self":[{"href":"https:\/\/www.sodf.org.br\/wordpress\/wp-json\/wp\/v2\/posts\/7299","targetHints":{"allow":["GET"]}}],"collection":[{"href":"https:\/\/www.sodf.org.br\/wordpress\/wp-json\/wp\/v2\/posts"}],"about":[{"href":"https:\/\/www.sodf.org.br\/wordpress\/wp-json\/wp\/v2\/types\/post"}],"author":[{"embeddable":true,"href":"https:\/\/www.sodf.org.br\/wordpress\/wp-json\/wp\/v2\/users\/4"}],"replies":[{"embeddable":true,"href":"https:\/\/www.sodf.org.br\/wordpress\/wp-json\/wp\/v2\/comments?post=7299"}],"version-history":[{"count":1,"href":"https:\/\/www.sodf.org.br\/wordpress\/wp-json\/wp\/v2\/posts\/7299\/revisions"}],"predecessor-version":[{"id":7301,"href":"https:\/\/www.sodf.org.br\/wordpress\/wp-json\/wp\/v2\/posts\/7299\/revisions\/7301"}],"wp:featuredmedia":[{"embeddable":true,"href":"https:\/\/www.sodf.org.br\/wordpress\/wp-json\/wp\/v2\/media\/7300"}],"wp:attachment":[{"href":"https:\/\/www.sodf.org.br\/wordpress\/wp-json\/wp\/v2\/media?parent=7299"}],"wp:term":[{"taxonomy":"category","embeddable":true,"href":"https:\/\/www.sodf.org.br\/wordpress\/wp-json\/wp\/v2\/categories?post=7299"},{"taxonomy":"post_tag","embeddable":true,"href":"https:\/\/www.sodf.org.br\/wordpress\/wp-json\/wp\/v2\/tags?post=7299"}],"curies":[{"name":"wp","href":"https:\/\/api.w.org\/{rel}","templated":true}]}}