{"id":6011,"date":"2022-02-11T08:47:15","date_gmt":"2022-02-11T11:47:15","guid":{"rendered":"http:\/\/www.sodf.org.br\/wordpress\/?p=6011"},"modified":"2022-02-11T08:47:15","modified_gmt":"2022-02-11T11:47:15","slug":"taxa-de-transmissao-da-covid-cai-para-124-e-df-registra-3-650-casos","status":"publish","type":"post","link":"https:\/\/www.sodf.org.br\/wordpress\/taxa-de-transmissao-da-covid-cai-para-124-e-df-registra-3-650-casos\/","title":{"rendered":"Taxa de transmiss\u00e3o da Covid cai para 1,24 e DF registra 3.650 casos"},"content":{"rendered":"<p>A taxa de transmiss\u00e3o da Covid-19 no Distrito Federal caiu dois cent\u00e9simos nesta quinta-feira (10\/2) ap\u00f3s tr\u00eas dias seguidos de estabilidade. Segundo a Secretaria de Sa\u00fade, o n\u00famero est\u00e1 em 1,24.<br \/>\nApesar da diminui\u00e7\u00e3o do \u00edndice em rela\u00e7\u00e3o \u00e0s \u00faltimas semanas, estar acima de 1 \u00e9 um sinal de que a pandemia est\u00e1 avan\u00e7ando. O valor da taxa de transmiss\u00e3o significa que a cada 100 pessoas transmitem o v\u00edrus para outras 124.<br \/>\n<a href=\"https:\/\/www.sodf.org.br\/wordpress\/taxa-de-transmissao-da-covid-cai-para-124-e-df-registra-3-650-casos\/whatsapp-image-2022-02-11-at-08-46-13\/\" rel=\"attachment wp-att-6012\"><img fetchpriority=\"high\" decoding=\"async\" src=\"https:\/\/www.sodf.org.br\/wordpress\/wp-content\/uploads\/2022\/02\/WhatsApp-Image-2022-02-11-at-08.46.13.jpeg\" alt=\"\" width=\"901\" height=\"386\" class=\"aligncenter size-full wp-image-6012\" srcset=\"https:\/\/www.sodf.org.br\/wordpress\/wp-content\/uploads\/2022\/02\/WhatsApp-Image-2022-02-11-at-08.46.13.jpeg 901w, https:\/\/www.sodf.org.br\/wordpress\/wp-content\/uploads\/2022\/02\/WhatsApp-Image-2022-02-11-at-08.46.13-300x129.jpeg 300w, https:\/\/www.sodf.org.br\/wordpress\/wp-content\/uploads\/2022\/02\/WhatsApp-Image-2022-02-11-at-08.46.13-768x329.jpeg 768w, https:\/\/www.sodf.org.br\/wordpress\/wp-content\/uploads\/2022\/02\/WhatsApp-Image-2022-02-11-at-08.46.13-696x298.jpeg 696w\" sizes=\"(max-width: 901px) 100vw, 901px\" \/><\/a><br \/>\nTamb\u00e9m nesta quinta (10), o DF registrou, nas \u00faltimas 24 horas, 3.650 novos casos de Covid-19.<br \/>\nCom rela\u00e7\u00e3o ao n\u00famero de mortes, a Sa\u00fade informou que foram nove casos notificados notificados. Um deles tinha tomado apenas a primeira dose da vacina contra a Covid-19, outros quatro tinham as duas doses e outros dois tinham tomado tamb\u00e9m o refor\u00e7o. Duas pessoas n\u00e3o tinham informa\u00e7\u00e3o da vacina\u00e7\u00e3o.<\/p>\n","protected":false},"excerpt":{"rendered":"<p>A taxa de transmiss\u00e3o da Covid-19 no Distrito Federal caiu dois cent\u00e9simos nesta quinta-feira (10\/2) ap\u00f3s tr\u00eas dias seguidos de estabilidade. Segundo a Secretaria de Sa\u00fade, o n\u00famero est\u00e1 em 1,24. Apesar da diminui\u00e7\u00e3o do \u00edndice em rela\u00e7\u00e3o \u00e0s \u00faltimas semanas, estar acima de 1 \u00e9 um sinal de que a pandemia est\u00e1 avan\u00e7ando. O [&hellip;]<\/p>\n","protected":false},"author":4,"featured_media":6013,"comment_status":"open","ping_status":"open","sticky":false,"template":"","format":"standard","meta":{"footnotes":""},"categories":[4],"tags":[],"class_list":["post-6011","post","type-post","status-publish","format-standard","has-post-thumbnail","hentry","category-noticias"],"post_mailing_queue_ids":[],"_links":{"self":[{"href":"https:\/\/www.sodf.org.br\/wordpress\/wp-json\/wp\/v2\/posts\/6011","targetHints":{"allow":["GET"]}}],"collection":[{"href":"https:\/\/www.sodf.org.br\/wordpress\/wp-json\/wp\/v2\/posts"}],"about":[{"href":"https:\/\/www.sodf.org.br\/wordpress\/wp-json\/wp\/v2\/types\/post"}],"author":[{"embeddable":true,"href":"https:\/\/www.sodf.org.br\/wordpress\/wp-json\/wp\/v2\/users\/4"}],"replies":[{"embeddable":true,"href":"https:\/\/www.sodf.org.br\/wordpress\/wp-json\/wp\/v2\/comments?post=6011"}],"version-history":[{"count":2,"href":"https:\/\/www.sodf.org.br\/wordpress\/wp-json\/wp\/v2\/posts\/6011\/revisions"}],"predecessor-version":[{"id":6015,"href":"https:\/\/www.sodf.org.br\/wordpress\/wp-json\/wp\/v2\/posts\/6011\/revisions\/6015"}],"wp:featuredmedia":[{"embeddable":true,"href":"https:\/\/www.sodf.org.br\/wordpress\/wp-json\/wp\/v2\/media\/6013"}],"wp:attachment":[{"href":"https:\/\/www.sodf.org.br\/wordpress\/wp-json\/wp\/v2\/media?parent=6011"}],"wp:term":[{"taxonomy":"category","embeddable":true,"href":"https:\/\/www.sodf.org.br\/wordpress\/wp-json\/wp\/v2\/categories?post=6011"},{"taxonomy":"post_tag","embeddable":true,"href":"https:\/\/www.sodf.org.br\/wordpress\/wp-json\/wp\/v2\/tags?post=6011"}],"curies":[{"name":"wp","href":"https:\/\/api.w.org\/{rel}","templated":true}]}}