{"id":6007,"date":"2022-02-10T17:27:24","date_gmt":"2022-02-10T20:27:24","guid":{"rendered":"http:\/\/www.sodf.org.br\/wordpress\/?p=6007"},"modified":"2022-02-10T17:27:24","modified_gmt":"2022-02-10T20:27:24","slug":"sodf-solicita-a-deputada-arlete-sampaio-apoio-para-reverter-o-cancelamento-de-abonos-na-ses-df","status":"publish","type":"post","link":"https:\/\/www.sodf.org.br\/wordpress\/sodf-solicita-a-deputada-arlete-sampaio-apoio-para-reverter-o-cancelamento-de-abonos-na-ses-df\/","title":{"rendered":"SODF solicita a Deputada Arlete Sampaio apoio para reverter o cancelamento de abonos na SES\/DF"},"content":{"rendered":"<p>No primeiro dia de 2022, a Subsecretaria de Pessoas (SUGEP) publicou a portaria n\u00b011 que prev\u00ea a retirada de abonos concedidos aos servidores que tiraram licen\u00e7a m\u00e9dica para acompanhar seus familiares.<br \/>\nA pasta justificou que a retirada foi realizada para atender \u00e0 nota t\u00e9cnica n\u00b0 2\/2020 \u2013 SEEC\/SEGEA\/SUGEP (75204531), do Processo 00040-00000151\/2020-71, da Subsecretaria de Gest\u00e3o de Pessoas da Secretaria de Estado de Economia, que trata da n\u00e3o concess\u00e3o de abono para servidor que tenha se afastado para acompanhamento de pessoa doente na fam\u00edlia no ano corrente (1\u00b0 de janeiro a 31 de dezembro de 2021) e deixa de fazer jus aos abonos no ano vindouro.<br \/>\nO Sindicato dos Odontologistas do DF , desde a publica\u00e7\u00e3o  repudiou essa circular que retira o direito do servidor em acompanhar pessoas da sua fam\u00edlia em meio a maior crise sanit\u00e1ria mundial, a pandemia provocada pelo COVID-19.<br \/>\nNa tarde desta Quarta-Feira (09.02) a deputada Arlete Sampaio acompanhada da sua assessora de sa\u00fade Rozangela Camapum estiveram na Secretaria de Economia onde foi firmado compromisso do GDF formalizar o Projeto de Lei para corrigir esse absurdo e a qualquer momento chegar\u00e1 a CLDF.<br \/>\nPela proposta  ser\u00e1 alterada a LC 840\/2011  que disp\u00f5e sobre o regime jur\u00eddicos dos servidores p\u00fablicos civis do Distrito Federal, das autarquias e das funda\u00e7\u00f5es p\u00fablicas distritais, ficando garantido o direito aos abonos para quem tirar Licen\u00e7a Remunerada por Motivo de Doen\u00e7a em Pessoa na Fam\u00edlia.<br \/>\nDurante a audiencia foi debatido tamb\u00e9m sobre a garantia de Aux\u00edlio Transporte e Alimenta\u00e7\u00e3o para os Contratados Tempor\u00e1rios da Sa\u00fade \u2013 dentre eles Agente de Vigil\u00e2ncia Ambiental &#8211; AVAS e Agente Comunit\u00e1rio de Sa\u00fade \u2013 ACS. Ser\u00e1 enviado Projeto de Lei \u00e0 C\u00e2mara Legislativa garantindo tamb\u00e9m este direito.<\/p>\n","protected":false},"excerpt":{"rendered":"<p>No primeiro dia de 2022, a Subsecretaria de Pessoas (SUGEP) publicou a portaria n\u00b011 que prev\u00ea a retirada de abonos concedidos aos servidores que tiraram licen\u00e7a m\u00e9dica para acompanhar seus familiares. A pasta justificou que a retirada foi realizada para atender \u00e0 nota t\u00e9cnica n\u00b0 2\/2020 \u2013 SEEC\/SEGEA\/SUGEP (75204531), do Processo 00040-00000151\/2020-71, da Subsecretaria de [&hellip;]<\/p>\n","protected":false},"author":4,"featured_media":6008,"comment_status":"open","ping_status":"open","sticky":false,"template":"","format":"standard","meta":{"footnotes":""},"categories":[4],"tags":[],"class_list":["post-6007","post","type-post","status-publish","format-standard","has-post-thumbnail","hentry","category-noticias"],"post_mailing_queue_ids":[],"_links":{"self":[{"href":"https:\/\/www.sodf.org.br\/wordpress\/wp-json\/wp\/v2\/posts\/6007","targetHints":{"allow":["GET"]}}],"collection":[{"href":"https:\/\/www.sodf.org.br\/wordpress\/wp-json\/wp\/v2\/posts"}],"about":[{"href":"https:\/\/www.sodf.org.br\/wordpress\/wp-json\/wp\/v2\/types\/post"}],"author":[{"embeddable":true,"href":"https:\/\/www.sodf.org.br\/wordpress\/wp-json\/wp\/v2\/users\/4"}],"replies":[{"embeddable":true,"href":"https:\/\/www.sodf.org.br\/wordpress\/wp-json\/wp\/v2\/comments?post=6007"}],"version-history":[{"count":2,"href":"https:\/\/www.sodf.org.br\/wordpress\/wp-json\/wp\/v2\/posts\/6007\/revisions"}],"predecessor-version":[{"id":6010,"href":"https:\/\/www.sodf.org.br\/wordpress\/wp-json\/wp\/v2\/posts\/6007\/revisions\/6010"}],"wp:featuredmedia":[{"embeddable":true,"href":"https:\/\/www.sodf.org.br\/wordpress\/wp-json\/wp\/v2\/media\/6008"}],"wp:attachment":[{"href":"https:\/\/www.sodf.org.br\/wordpress\/wp-json\/wp\/v2\/media?parent=6007"}],"wp:term":[{"taxonomy":"category","embeddable":true,"href":"https:\/\/www.sodf.org.br\/wordpress\/wp-json\/wp\/v2\/categories?post=6007"},{"taxonomy":"post_tag","embeddable":true,"href":"https:\/\/www.sodf.org.br\/wordpress\/wp-json\/wp\/v2\/tags?post=6007"}],"curies":[{"name":"wp","href":"https:\/\/api.w.org\/{rel}","templated":true}]}}