{"id":5996,"date":"2022-02-10T09:48:07","date_gmt":"2022-02-10T12:48:07","guid":{"rendered":"http:\/\/www.sodf.org.br\/wordpress\/?p=5996"},"modified":"2022-02-10T09:48:07","modified_gmt":"2022-02-10T12:48:07","slug":"ibaneis-anuncia-novo-hospital-para-pacientes-de-covid-em-planaltina","status":"publish","type":"post","link":"https:\/\/www.sodf.org.br\/wordpress\/ibaneis-anuncia-novo-hospital-para-pacientes-de-covid-em-planaltina\/","title":{"rendered":"Ibaneis anuncia novo hospital para pacientes de Covid em Planaltina"},"content":{"rendered":"<p>O governador Ibaneis Rocha (MDB) anunciou, nesta quarta-feira (9\/2), a constru\u00e7\u00e3o de um hospital modular em Planaltina.<br \/>\nA princ\u00edpio, a unidade atender\u00e1 pacientes de Covid-19 e ajudar\u00e1 a desafogar a superlota\u00e7\u00e3o de leitos na atual fase da pandemia.<br \/>\nMais cedo, o emedebista tamb\u00e9m confirmou que 100 novos leitos para atender pacientes com Covid-19 no Hospital de Campanha da Pol\u00edcia Militar (PMDF) devem ser disponibilizados em cerca de 10 dias. Segundo o chefe do Executivo local, uma licita\u00e7\u00e3o foi lan\u00e7ada na ter\u00e7a (8\/2).<\/p>\n","protected":false},"excerpt":{"rendered":"<p>O governador Ibaneis Rocha (MDB) anunciou, nesta quarta-feira (9\/2), a constru\u00e7\u00e3o de um hospital modular em Planaltina. A princ\u00edpio, a unidade atender\u00e1 pacientes de Covid-19 e ajudar\u00e1 a desafogar a superlota\u00e7\u00e3o de leitos na atual fase da pandemia. Mais cedo, o emedebista tamb\u00e9m confirmou que 100 novos leitos para atender pacientes com Covid-19 no Hospital [&hellip;]<\/p>\n","protected":false},"author":4,"featured_media":5997,"comment_status":"open","ping_status":"open","sticky":false,"template":"","format":"standard","meta":{"footnotes":""},"categories":[4],"tags":[],"class_list":["post-5996","post","type-post","status-publish","format-standard","has-post-thumbnail","hentry","category-noticias"],"post_mailing_queue_ids":[],"_links":{"self":[{"href":"https:\/\/www.sodf.org.br\/wordpress\/wp-json\/wp\/v2\/posts\/5996","targetHints":{"allow":["GET"]}}],"collection":[{"href":"https:\/\/www.sodf.org.br\/wordpress\/wp-json\/wp\/v2\/posts"}],"about":[{"href":"https:\/\/www.sodf.org.br\/wordpress\/wp-json\/wp\/v2\/types\/post"}],"author":[{"embeddable":true,"href":"https:\/\/www.sodf.org.br\/wordpress\/wp-json\/wp\/v2\/users\/4"}],"replies":[{"embeddable":true,"href":"https:\/\/www.sodf.org.br\/wordpress\/wp-json\/wp\/v2\/comments?post=5996"}],"version-history":[{"count":1,"href":"https:\/\/www.sodf.org.br\/wordpress\/wp-json\/wp\/v2\/posts\/5996\/revisions"}],"predecessor-version":[{"id":5998,"href":"https:\/\/www.sodf.org.br\/wordpress\/wp-json\/wp\/v2\/posts\/5996\/revisions\/5998"}],"wp:featuredmedia":[{"embeddable":true,"href":"https:\/\/www.sodf.org.br\/wordpress\/wp-json\/wp\/v2\/media\/5997"}],"wp:attachment":[{"href":"https:\/\/www.sodf.org.br\/wordpress\/wp-json\/wp\/v2\/media?parent=5996"}],"wp:term":[{"taxonomy":"category","embeddable":true,"href":"https:\/\/www.sodf.org.br\/wordpress\/wp-json\/wp\/v2\/categories?post=5996"},{"taxonomy":"post_tag","embeddable":true,"href":"https:\/\/www.sodf.org.br\/wordpress\/wp-json\/wp\/v2\/tags?post=5996"}],"curies":[{"name":"wp","href":"https:\/\/api.w.org\/{rel}","templated":true}]}}