{"id":5990,"date":"2022-02-10T09:46:37","date_gmt":"2022-02-10T12:46:37","guid":{"rendered":"http:\/\/www.sodf.org.br\/wordpress\/?p=5990"},"modified":"2022-02-10T09:46:38","modified_gmt":"2022-02-10T12:46:38","slug":"testes-de-covid-em-laboratorios-caem-28-na-1a-semana-de-fevereiro","status":"publish","type":"post","link":"https:\/\/www.sodf.org.br\/wordpress\/testes-de-covid-em-laboratorios-caem-28-na-1a-semana-de-fevereiro\/","title":{"rendered":"Testes de Covid em laborat\u00f3rios caem 28% na 1\u00aa semana de fevereiro"},"content":{"rendered":"<p>O total de testes de Covid-19 realizados pelos laborat\u00f3rios associados \u00e0 Associa\u00e7\u00e3o Brasileira de Medicina Diagn\u00f3stica (Abramed) caiu 28% entre os dias 31 de janeiro e 6 de fevereiro de 2022.<br \/>\nForam 282 mil exames para a detec\u00e7\u00e3o do novo coronav\u00edrus realizados no Brasil neste per\u00edodo. A taxa de positividade tamb\u00e9m recuou e ficou em 50% nesta semana.<br \/>\nOs laborat\u00f3rios associados j\u00e1 realizaram, em 2022, mais de 1,7 milh\u00e3o de exames para Covid-19 em todo o pa\u00eds. Veja o gr\u00e1fico:<br \/>\n<a href=\"https:\/\/www.sodf.org.br\/wordpress\/testes-de-covid-em-laboratorios-caem-28-na-1a-semana-de-fevereiro\/whatsapp-image-2022-02-10-at-09-44-54\/\" rel=\"attachment wp-att-5991\"><img fetchpriority=\"high\" decoding=\"async\" src=\"https:\/\/www.sodf.org.br\/wordpress\/wp-content\/uploads\/2022\/02\/WhatsApp-Image-2022-02-10-at-09.44.54.jpeg\" alt=\"\" width=\"857\" height=\"452\" class=\"aligncenter size-full wp-image-5991\" srcset=\"https:\/\/www.sodf.org.br\/wordpress\/wp-content\/uploads\/2022\/02\/WhatsApp-Image-2022-02-10-at-09.44.54.jpeg 857w, https:\/\/www.sodf.org.br\/wordpress\/wp-content\/uploads\/2022\/02\/WhatsApp-Image-2022-02-10-at-09.44.54-300x158.jpeg 300w, https:\/\/www.sodf.org.br\/wordpress\/wp-content\/uploads\/2022\/02\/WhatsApp-Image-2022-02-10-at-09.44.54-768x405.jpeg 768w, https:\/\/www.sodf.org.br\/wordpress\/wp-content\/uploads\/2022\/02\/WhatsApp-Image-2022-02-10-at-09.44.54-696x367.jpeg 696w, https:\/\/www.sodf.org.br\/wordpress\/wp-content\/uploads\/2022\/02\/WhatsApp-Image-2022-02-10-at-09.44.54-796x420.jpeg 796w\" sizes=\"(max-width: 857px) 100vw, 857px\" \/><\/a><br \/>\n\u201cJanela de oportunidade\u201d<br \/>\nPesquisadores da Funda\u00e7\u00e3o Oswaldo Cruz (Fiocruz) afirmam que o atual momento da pandemia de Covid-19 representa uma \u201cjanela de oportunidade\u201d para que o Brasil controle a doen\u00e7a pand\u00eamica. Segundo os especialistas, o alto n\u00famero de vacinados ou com imunidade natural ap\u00f3s a onda de \u00d4micron deve ser aproveitado para conter a circula\u00e7\u00e3o do v\u00edrus.<br \/>\n\u201cEm um momento em que h\u00e1 muitas pessoas imunes \u00e0 doen\u00e7a, se houver uma alta cobertura vacinal completa, h\u00e1 a possibilidade de reduzir o n\u00famero de casos, interna\u00e7\u00f5es e \u00f3bitos, e bloquear a circula\u00e7\u00e3o do v\u00edrus\u201d, afirmam os cientistas, no boletim do Observat\u00f3rio Covid-19 da Fiocruz, divulgado nesta quarta-feira (9\/2). A publica\u00e7\u00e3o analisa as diferentes fases da pandemia no Brasil desde janeiro de 2020.<\/p>\n","protected":false},"excerpt":{"rendered":"<p>O total de testes de Covid-19 realizados pelos laborat\u00f3rios associados \u00e0 Associa\u00e7\u00e3o Brasileira de Medicina Diagn\u00f3stica (Abramed) caiu 28% entre os dias 31 de janeiro e 6 de fevereiro de 2022. Foram 282 mil exames para a detec\u00e7\u00e3o do novo coronav\u00edrus realizados no Brasil neste per\u00edodo. A taxa de positividade tamb\u00e9m recuou e ficou em [&hellip;]<\/p>\n","protected":false},"author":4,"featured_media":5993,"comment_status":"open","ping_status":"open","sticky":false,"template":"","format":"standard","meta":{"footnotes":""},"categories":[4],"tags":[],"class_list":["post-5990","post","type-post","status-publish","format-standard","has-post-thumbnail","hentry","category-noticias"],"post_mailing_queue_ids":[],"_links":{"self":[{"href":"https:\/\/www.sodf.org.br\/wordpress\/wp-json\/wp\/v2\/posts\/5990","targetHints":{"allow":["GET"]}}],"collection":[{"href":"https:\/\/www.sodf.org.br\/wordpress\/wp-json\/wp\/v2\/posts"}],"about":[{"href":"https:\/\/www.sodf.org.br\/wordpress\/wp-json\/wp\/v2\/types\/post"}],"author":[{"embeddable":true,"href":"https:\/\/www.sodf.org.br\/wordpress\/wp-json\/wp\/v2\/users\/4"}],"replies":[{"embeddable":true,"href":"https:\/\/www.sodf.org.br\/wordpress\/wp-json\/wp\/v2\/comments?post=5990"}],"version-history":[{"count":2,"href":"https:\/\/www.sodf.org.br\/wordpress\/wp-json\/wp\/v2\/posts\/5990\/revisions"}],"predecessor-version":[{"id":5995,"href":"https:\/\/www.sodf.org.br\/wordpress\/wp-json\/wp\/v2\/posts\/5990\/revisions\/5995"}],"wp:featuredmedia":[{"embeddable":true,"href":"https:\/\/www.sodf.org.br\/wordpress\/wp-json\/wp\/v2\/media\/5993"}],"wp:attachment":[{"href":"https:\/\/www.sodf.org.br\/wordpress\/wp-json\/wp\/v2\/media?parent=5990"}],"wp:term":[{"taxonomy":"category","embeddable":true,"href":"https:\/\/www.sodf.org.br\/wordpress\/wp-json\/wp\/v2\/categories?post=5990"},{"taxonomy":"post_tag","embeddable":true,"href":"https:\/\/www.sodf.org.br\/wordpress\/wp-json\/wp\/v2\/tags?post=5990"}],"curies":[{"name":"wp","href":"https:\/\/api.w.org\/{rel}","templated":true}]}}