{"id":5982,"date":"2022-02-08T11:02:53","date_gmt":"2022-02-08T14:02:53","guid":{"rendered":"http:\/\/www.sodf.org.br\/wordpress\/?p=5982"},"modified":"2022-02-08T11:02:53","modified_gmt":"2022-02-08T14:02:53","slug":"sodf-realizara-assembleia-com-os-cirurgioes-dentistas-do-igesdf","status":"publish","type":"post","link":"https:\/\/www.sodf.org.br\/wordpress\/sodf-realizara-assembleia-com-os-cirurgioes-dentistas-do-igesdf\/","title":{"rendered":"SODF REALIZAR\u00c1 ASSEMBLEIA COM OS CIRURGI\u00d5ES-DENTISTAS DO IGESDF"},"content":{"rendered":"<p>O Sindicato dos Odontologistas do DF (SODF) realizar\u00e1 uma assembleia geral extraordin\u00e1ria no dia 15\/02\/2022, na sede do sindicato, localizada ao SCN Qd. 02 Bl. D Entrada A Sala 1109 (audit\u00f3rio), Centro Empresarial Liberty Mall, nesta capital, \u00e0s 18h para os os Cirurgi\u00f5es-Dentistas do Instituto de Gest\u00e3o Estrat\u00e9gica de Sa\u00fade do Distrito Federal (IGESDF) deliberarem sobre a seguinte pauta:<br \/>\n -Estabelecimento de Pauta de Reivindica\u00e7\u00f5es dos Cirurgi\u00f5es-Dentistas do IGESDF<br \/>\n -Autorizar a diretoria para promover negocia\u00e7\u00f5es com o empregador (IGESDF), bem como firmar ou prorrogar Acordo ou Conven\u00e7\u00e3o Coletiva ou instaurar processo de Diss\u00eddio Coletivo contra os mesmos.<br \/>\n\u00c9 importante que os Cirurgi\u00f5es-Dentistas convocados compare\u00e7am \u00e0 assembleia geral e definam o rumo das a\u00e7\u00f5es.<br \/>\nVeja o Edital da Convoca\u00e7\u00e3o:<br \/>\nSINDICATO DOS ODONTOLOGISTAS DO DISTRITO FEDERAL<br \/>\nEDITAL DE CONVOCA\u00c7\u00c3O<br \/>\nASSEMBLEIA GERAL EXTRAORDIN\u00c1RIA<br \/>\n\tNos termos do Estatuto deste Sindicato, artigo 20 e na forma da Legisla\u00e7\u00e3o Vigente, convoco os Cirurgi\u00f5es-Dentistas do Instituto de Gest\u00e3o Estrat\u00e9gica de Sa\u00fade do Distrito Federal (IGESDF) para a Assembleia Geral Extraordin\u00e1ria a ser realizada no dia 15\/02\/2022, na sede deste sindicato, localizada no SCN Qd. 02 Bl. D Entrada A Sala 1109 (audit\u00f3rio), Centro Empresarial Liberty Mall, nesta capital, \u00e0s 18h, em 1\u00aa convoca\u00e7\u00e3o, com a presen\u00e7a de todos os Cirurgi\u00f5es-Dentistas e\/ou \u00e0s 18:30h, em 2\u00aa convoca\u00e7\u00e3o, com a presen\u00e7a de qualquer n\u00famero de Cirurgi\u00f5es-Dentistas, para deliberar sobre a seguinte ordem do dia: 1 \u2013 Estabelecimento de Pauta de Reivindica\u00e7\u00f5es dos Cirurgi\u00f5es-Dentistas do IGESDF  2 &#8211; Autorizar a diretoria para promover negocia\u00e7\u00f5es com o empregador (IGESDF), bem como firmar ou prorrogar Acordo ou Conven\u00e7\u00e3o Coletiva ou instaurar processo de Diss\u00eddio Coletivo contra os mesmos. 3 \u2013 As assembleias poder\u00e3o ser realizadas de forma presencial no endere\u00e7o citado acima ou virtual. Atendendo \u00e0s determina\u00e7\u00f5es das autoridades sanit\u00e1rias e visando a preven\u00e7\u00e3o de contamina\u00e7\u00e3o pelo novo coronav\u00edrus, exigimos a todos o uso de m\u00e1scara facial, o distanciamento m\u00ednimo 1 metro entre as pessoas e a higieniza\u00e7\u00e3o das m\u00e3os com \u00e1lcool em gel.<\/p>\n<p>Bras\u00edlia-DF, 07 de fevereiro de 2022<br \/>\n       Jeov\u00e2nia Rodrigues Silva<br \/>\n                 Presidente<\/p>\n<p><a href=\"https:\/\/www.sodf.org.br\/wordpress\/sodf-realizara-assembleia-com-os-cirurgioes-dentistas-do-igesdf\/whatsapp-image-2022-02-08-at-11-00-54-2\/\" rel=\"attachment wp-att-5984\"><img fetchpriority=\"high\" decoding=\"async\" src=\"https:\/\/www.sodf.org.br\/wordpress\/wp-content\/uploads\/2022\/02\/WhatsApp-Image-2022-02-08-at-11.00.54-1.jpeg\" alt=\"\" width=\"696\" height=\"926\" class=\"aligncenter size-large wp-image-5984\" srcset=\"https:\/\/www.sodf.org.br\/wordpress\/wp-content\/uploads\/2022\/02\/WhatsApp-Image-2022-02-08-at-11.00.54-1.jpeg 770w, https:\/\/www.sodf.org.br\/wordpress\/wp-content\/uploads\/2022\/02\/WhatsApp-Image-2022-02-08-at-11.00.54-1-226x300.jpeg 226w, https:\/\/www.sodf.org.br\/wordpress\/wp-content\/uploads\/2022\/02\/WhatsApp-Image-2022-02-08-at-11.00.54-1-768x1021.jpeg 768w, https:\/\/www.sodf.org.br\/wordpress\/wp-content\/uploads\/2022\/02\/WhatsApp-Image-2022-02-08-at-11.00.54-1-696x926.jpeg 696w, https:\/\/www.sodf.org.br\/wordpress\/wp-content\/uploads\/2022\/02\/WhatsApp-Image-2022-02-08-at-11.00.54-1-316x420.jpeg 316w\" sizes=\"(max-width: 696px) 100vw, 696px\" \/><\/a><\/p>\n<p><a href=\"https:\/\/www.sodf.org.br\/wordpress\/sodf-realizara-assembleia-com-os-cirurgioes-dentistas-do-igesdf\/whatsapp-image-2022-02-08-at-11-00-54-1\/\" rel=\"attachment wp-att-5985\"><img decoding=\"async\" src=\"https:\/\/www.sodf.org.br\/wordpress\/wp-content\/uploads\/2022\/02\/WhatsApp-Image-2022-02-08-at-11.00.54-1-1.jpeg\" alt=\"\" width=\"696\" height=\"838\" class=\"aligncenter size-large wp-image-5985\" srcset=\"https:\/\/www.sodf.org.br\/wordpress\/wp-content\/uploads\/2022\/02\/WhatsApp-Image-2022-02-08-at-11.00.54-1-1.jpeg 850w, https:\/\/www.sodf.org.br\/wordpress\/wp-content\/uploads\/2022\/02\/WhatsApp-Image-2022-02-08-at-11.00.54-1-1-249x300.jpeg 249w, https:\/\/www.sodf.org.br\/wordpress\/wp-content\/uploads\/2022\/02\/WhatsApp-Image-2022-02-08-at-11.00.54-1-1-768x925.jpeg 768w, https:\/\/www.sodf.org.br\/wordpress\/wp-content\/uploads\/2022\/02\/WhatsApp-Image-2022-02-08-at-11.00.54-1-1-696x838.jpeg 696w, https:\/\/www.sodf.org.br\/wordpress\/wp-content\/uploads\/2022\/02\/WhatsApp-Image-2022-02-08-at-11.00.54-1-1-349x420.jpeg 349w\" sizes=\"(max-width: 696px) 100vw, 696px\" \/><\/a><\/p>\n","protected":false},"excerpt":{"rendered":"<p>O Sindicato dos Odontologistas do DF (SODF) realizar\u00e1 uma assembleia geral extraordin\u00e1ria no dia 15\/02\/2022, na sede do sindicato, localizada ao SCN Qd. 02 Bl. D Entrada A Sala 1109 (audit\u00f3rio), Centro Empresarial Liberty Mall, nesta capital, \u00e0s 18h para os os Cirurgi\u00f5es-Dentistas do Instituto de Gest\u00e3o Estrat\u00e9gica de Sa\u00fade do Distrito Federal (IGESDF) deliberarem [&hellip;]<\/p>\n","protected":false},"author":4,"featured_media":5983,"comment_status":"open","ping_status":"open","sticky":false,"template":"","format":"standard","meta":{"footnotes":""},"categories":[4],"tags":[],"class_list":["post-5982","post","type-post","status-publish","format-standard","has-post-thumbnail","hentry","category-noticias"],"post_mailing_queue_ids":[],"_links":{"self":[{"href":"https:\/\/www.sodf.org.br\/wordpress\/wp-json\/wp\/v2\/posts\/5982","targetHints":{"allow":["GET"]}}],"collection":[{"href":"https:\/\/www.sodf.org.br\/wordpress\/wp-json\/wp\/v2\/posts"}],"about":[{"href":"https:\/\/www.sodf.org.br\/wordpress\/wp-json\/wp\/v2\/types\/post"}],"author":[{"embeddable":true,"href":"https:\/\/www.sodf.org.br\/wordpress\/wp-json\/wp\/v2\/users\/4"}],"replies":[{"embeddable":true,"href":"https:\/\/www.sodf.org.br\/wordpress\/wp-json\/wp\/v2\/comments?post=5982"}],"version-history":[{"count":2,"href":"https:\/\/www.sodf.org.br\/wordpress\/wp-json\/wp\/v2\/posts\/5982\/revisions"}],"predecessor-version":[{"id":5987,"href":"https:\/\/www.sodf.org.br\/wordpress\/wp-json\/wp\/v2\/posts\/5982\/revisions\/5987"}],"wp:featuredmedia":[{"embeddable":true,"href":"https:\/\/www.sodf.org.br\/wordpress\/wp-json\/wp\/v2\/media\/5983"}],"wp:attachment":[{"href":"https:\/\/www.sodf.org.br\/wordpress\/wp-json\/wp\/v2\/media?parent=5982"}],"wp:term":[{"taxonomy":"category","embeddable":true,"href":"https:\/\/www.sodf.org.br\/wordpress\/wp-json\/wp\/v2\/categories?post=5982"},{"taxonomy":"post_tag","embeddable":true,"href":"https:\/\/www.sodf.org.br\/wordpress\/wp-json\/wp\/v2\/tags?post=5982"}],"curies":[{"name":"wp","href":"https:\/\/api.w.org\/{rel}","templated":true}]}}