{"id":5979,"date":"2022-02-08T10:53:25","date_gmt":"2022-02-08T13:53:25","guid":{"rendered":"http:\/\/www.sodf.org.br\/wordpress\/?p=5979"},"modified":"2022-02-08T10:53:25","modified_gmt":"2022-02-08T13:53:25","slug":"fiocruz-retoma-seminarios-com-as-perspectivas-para-a-agenda-global-e-da-saude-em-2022","status":"publish","type":"post","link":"https:\/\/www.sodf.org.br\/wordpress\/fiocruz-retoma-seminarios-com-as-perspectivas-para-a-agenda-global-e-da-saude-em-2022\/","title":{"rendered":"Fiocruz retoma semin\u00e1rios com as perspectivas para a agenda global e da sa\u00fade em 2022"},"content":{"rendered":"<p>Como as novas disputas pol\u00edticas entre Leste e Oeste, as quest\u00f5es socioecon\u00f4micas e a explora\u00e7\u00e3o do meio ambiente v\u00e3o impactar a sa\u00fade este ano ser\u00e3o alguns dos temas do Semin\u00e1rio Avan\u00e7ado em Sa\u00fade Global e Diplomacia da Sa\u00fade, do Centro de Rela\u00e7\u00f5es Internacionais em Sa\u00fade (Cris\/Fiocruz), nesta quarta-feira (9\/2), \u00e0s 10h. Se no ano passado os webin\u00e1rios j\u00e1 buscavam mostrar a rela\u00e7\u00e3o da pandemia de Covid-19 com outros fatores, as novas edi\u00e7\u00f5es procuram ir al\u00e9m, aprofundando a vis\u00e3o de sindemia. Isso se reflete ainda em outra produ\u00e7\u00e3o do Cris que cresce em 2022: os Cadernos de Sa\u00fade Global, que ganham mais cap\u00edtulos e colaboradores, para al\u00e9m dos muros da Fiocruz.<br \/>\n\u201cH\u00e1 uma compreens\u00e3o de que a pandemia caminha para a endemiza\u00e7\u00e3o, apesar de ainda n\u00e3o sabermos quando isso ocorrer\u00e1. Mas especialistas da Organiza\u00e7\u00e3o Mundial de Sa\u00fade veem outras pandemias no horizonte. Ent\u00e3o, \u00e9 preciso uma abordagem ampliada da sa\u00fade\u201d, explica o diretor do Cris\/Fiocruz e presidente da Alian\u00e7a Latino-Americana de Sa\u00fade Global (Alasag), Paulo Buss. \u201cEste semin\u00e1rio, o primeiro do ano, vai pautar os outros que vir\u00e3o\u201d, acrescentou.<br \/>\nCom tradu\u00e7\u00f5es para portugu\u00eas, ingl\u00eas e espanhol, o webin\u00e1rio a Agenda pol\u00edtica global e Sa\u00fade: perspectivas 2022 traz Jos\u00e9 Lu\u00eds Fiori, professor de Economia Pol\u00edtica Internacional da Universidade Federal do Rio de Janeiro (UFRJ), para analisar as rela\u00e7\u00f5es entre os pa\u00edses \u2013 num momento em que a disputa Leste e Oeste n\u00e3o se restringe apenas aos Estados Unidos e \u00e0 China. O cen\u00e1rio pol\u00edtico global no campo ambiental ser\u00e1 tratado por Izabella Teixeira, ex-ministra do Meio Ambiente (2010\/2016) e copresidente do Painel Internacional de Recursos Naturais da ONU Meio Ambiente (FIP-UNEP). A ex-ministra adiantar\u00e1 o que se espera de alguns eventos deste ano, como a Confer\u00eancia da ONU sobre Mudan\u00e7as Clim\u00e1ticas (COP27), que ser\u00e1 realizada no Egito. As desigualdades sociais, econ\u00f4micas e sanit\u00e1rias globais ficar\u00e1 por conta de Katia Maia, diretora-executiva da Oxfam Brasil, que trar\u00e1 dados do relat\u00f3rio mais recente da organiza\u00e7\u00e3o. Em comum entre os tr\u00eas palestrantes est\u00e3o os impactos de seus temas na sa\u00fade.<br \/>\n\u201cEste ano vamos analisar com muito cuidado a quest\u00e3o do multilateralismo, como ela vai se resolver na Am\u00e9rica Latina. As elei\u00e7\u00f5es na regi\u00e3o indicam uma onda rosa, com governantes progressistas, como Gabriel Boric, no Chile, sendo eleitos. Existe uma mudan\u00e7a em andamento na regi\u00e3o que influencia a possibilidade de coopera\u00e7\u00e3o, inclusive em sa\u00fade\u201d, observa Buss.<br \/>\nO semin\u00e1rio traz ainda o v\u00eddeo do discurso do secret\u00e1rio-geral das Na\u00e7\u00f5es Unidas, Ant\u00f3nio Guterres, na Assembleia Geral da organiza\u00e7\u00e3o em janeiro. No v\u00eddeo, o ex-primeiro-ministro de Portugal sugere uma s\u00e9rie de mudan\u00e7as e lan\u00e7ou o desafio de promover uma agenda comum global.<br \/>\nCadernos ampliados<br \/>\nSe as perspectivas para 2022 ainda n\u00e3o est\u00e3o claras, as perspectivas do Cris s\u00e3o de amplia\u00e7\u00e3o. Reflexo das reuni\u00f5es quinzenais do Centro em sua fun\u00e7\u00e3o de Observat\u00f3rio, os Cadernos Cris\/Fiocruz &#8211; Informe sobre Sa\u00fade Global e Diplomacia da Sa\u00fade cresceram e ganharam novos colaboradores. De cerca de 20 autores no ano passado, a publica\u00e7\u00e3o pulou para 41, distribu\u00eddos em 22 cap\u00edtulos, em 172 p\u00e1ginas. Os temas foram reorganizados e novos clusters de assuntos surgiram cobrindo novas \u00e1reas geopol\u00edticas, atores e ag\u00eancias globais.<br \/>\nUma equipe do Instituto Fernandes Figueira (IFF\/Fiocruz) se uniu ao projeto, observando as \u00e1reas da sa\u00fade da mulher, crian\u00e7a e adolescente, enfocando tamb\u00e9m as a\u00e7\u00f5es do Unicef, da ONU-Mulher, e do Fundo de Popula\u00e7\u00e3o das Na\u00e7\u00f5es Unidas (Unfpa). Com a ajuda da Casa de Oswaldo Cruz (COC\/Fiocruz), o tema cultura e sa\u00fade ganhou tamb\u00e9m um cap\u00edtulo na publica\u00e7\u00e3o.<br \/>\nDe fora da Funda\u00e7\u00e3o tamb\u00e9m chegam novos colaboradores. Deyse Ventura, da Faculdade de Sa\u00fade P\u00fablica da Universidade de S\u00e3o Paulo (USP), por exemplo, integra o time que falar\u00e1 sobre migra\u00e7\u00e3o e refugiados. \u201cS\u00e3o os exclu\u00eddos do exclu\u00eddos. O exemplo mais duro observado no Brasil recentemente foi o assassinato de um imigrante congol\u00eas\u201d, observou Buss. \u201cA ideia \u00e9 ampliar. Vimos que a pandemia \u00e9 muito mais complicada do que parecia.\u201d <\/p>\n","protected":false},"excerpt":{"rendered":"<p>Como as novas disputas pol\u00edticas entre Leste e Oeste, as quest\u00f5es socioecon\u00f4micas e a explora\u00e7\u00e3o do meio ambiente v\u00e3o impactar a sa\u00fade este ano ser\u00e3o alguns dos temas do Semin\u00e1rio Avan\u00e7ado em Sa\u00fade Global e Diplomacia da Sa\u00fade, do Centro de Rela\u00e7\u00f5es Internacionais em Sa\u00fade (Cris\/Fiocruz), nesta quarta-feira (9\/2), \u00e0s 10h. Se no ano passado [&hellip;]<\/p>\n","protected":false},"author":4,"featured_media":5980,"comment_status":"open","ping_status":"open","sticky":false,"template":"","format":"standard","meta":{"footnotes":""},"categories":[4],"tags":[],"class_list":["post-5979","post","type-post","status-publish","format-standard","has-post-thumbnail","hentry","category-noticias"],"post_mailing_queue_ids":[],"_links":{"self":[{"href":"https:\/\/www.sodf.org.br\/wordpress\/wp-json\/wp\/v2\/posts\/5979","targetHints":{"allow":["GET"]}}],"collection":[{"href":"https:\/\/www.sodf.org.br\/wordpress\/wp-json\/wp\/v2\/posts"}],"about":[{"href":"https:\/\/www.sodf.org.br\/wordpress\/wp-json\/wp\/v2\/types\/post"}],"author":[{"embeddable":true,"href":"https:\/\/www.sodf.org.br\/wordpress\/wp-json\/wp\/v2\/users\/4"}],"replies":[{"embeddable":true,"href":"https:\/\/www.sodf.org.br\/wordpress\/wp-json\/wp\/v2\/comments?post=5979"}],"version-history":[{"count":1,"href":"https:\/\/www.sodf.org.br\/wordpress\/wp-json\/wp\/v2\/posts\/5979\/revisions"}],"predecessor-version":[{"id":5981,"href":"https:\/\/www.sodf.org.br\/wordpress\/wp-json\/wp\/v2\/posts\/5979\/revisions\/5981"}],"wp:featuredmedia":[{"embeddable":true,"href":"https:\/\/www.sodf.org.br\/wordpress\/wp-json\/wp\/v2\/media\/5980"}],"wp:attachment":[{"href":"https:\/\/www.sodf.org.br\/wordpress\/wp-json\/wp\/v2\/media?parent=5979"}],"wp:term":[{"taxonomy":"category","embeddable":true,"href":"https:\/\/www.sodf.org.br\/wordpress\/wp-json\/wp\/v2\/categories?post=5979"},{"taxonomy":"post_tag","embeddable":true,"href":"https:\/\/www.sodf.org.br\/wordpress\/wp-json\/wp\/v2\/tags?post=5979"}],"curies":[{"name":"wp","href":"https:\/\/api.w.org\/{rel}","templated":true}]}}