{"id":5965,"date":"2022-02-08T10:47:30","date_gmt":"2022-02-08T13:47:30","guid":{"rendered":"http:\/\/www.sodf.org.br\/wordpress\/?p=5965"},"modified":"2022-02-08T10:47:31","modified_gmt":"2022-02-08T13:47:31","slug":"saiba-onde-vacinar-criancas-e-adultos-contra-covid-no-df-nesta-3a","status":"publish","type":"post","link":"https:\/\/www.sodf.org.br\/wordpress\/saiba-onde-vacinar-criancas-e-adultos-contra-covid-no-df-nesta-3a\/","title":{"rendered":"Saiba onde vacinar crian\u00e7as e adultos contra Covid no DF nesta 3\u00aa"},"content":{"rendered":"<p>A vacina\u00e7\u00e3o contra Covid-19 continua nesta ter\u00e7a-feira (8\/2) no Distrito Federal. Os locais abrem das 7h \u00e0s 22h, para pessoas com 12 anos ou mais, e das 8h \u00e0s 17h, para crian\u00e7as a partir de 5 anos.<br \/>\nCrian\u00e7as, jovens, adultos e idosos devem procurar os postos de vacina\u00e7\u00e3o<br \/>\nVale lembrar que crian\u00e7as com 5 anos podem ser imunizadas somente com a vacina da Pfizer, em dose pedi\u00e1trica. Para os pequenos dos 6 aos 11 anos, h\u00e1 tamb\u00e9m a possibilidade de se aplicar a Coronavac.<br \/>\nExce\u00e7\u00e3o \u00e9 feita para crian\u00e7as entre 5 e 11 anos com imunossupress\u00e3o. Nesses casos, somente a Pfizer pode ser tomada.<br \/>\nAdolescentes entre 12 e 17 anos podem ser imunizados com doses da Pfizer ou Coronavac. Qualquer pessoa acima de 18 anos que ainda n\u00e3o tenha iniciado a vacina\u00e7\u00e3o \u00e9 autorizada a tomar tamb\u00e9m a AstraZeneca. A Secretaria de Sa\u00fade permite escolher a marca da vacina.<br \/>\nPara a segunda dose da AstraZeneca ou Pfizer, \u00e9 necess\u00e1rio contar 56 dias da D1. Caso esteja na hora de tomar a D2, basta conferir em qual posto est\u00e1 dispon\u00edvel cada uma das marcas. Quem tomou Coronavac precisa aguardar 28 dias.<br \/>\nA Sa\u00fade oferece, ainda, a dose de refor\u00e7o. Nesse caso, pessoas a partir de 18 anos, profissionais de sa\u00fade e imunossuprimidos graves podem procurar os pontos de vacina\u00e7\u00e3o caso cumpram as regras. Para os dois primeiros p\u00fablicos, a exig\u00eancia \u00e9 que se tenha tomado a D2 h\u00e1 pelo menos quatro meses. No \u00faltimo grupo, a necessidade \u00e9 de 28 dias de espera.<br \/>\nO refor\u00e7o da Janssen tamb\u00e9m tem regra a ser seguida. Apenas quem tomou a dose \u00fanica h\u00e1 pelo menos dois meses pode procurar um dos postos dispon\u00edveis.<br \/>\nVeja onde se vacinar nesta ter\u00e7a (8):<br \/>\n<a href=\"https:\/\/www.sodf.org.br\/wordpress\/saiba-onde-vacinar-criancas-e-adultos-contra-covid-no-df-nesta-3a\/vacina-8-2\/\" rel=\"attachment wp-att-5966\"><img fetchpriority=\"high\" decoding=\"async\" src=\"https:\/\/www.sodf.org.br\/wordpress\/wp-content\/uploads\/2022\/02\/Vacina-8-2-492x1024.jpg\" alt=\"\" width=\"492\" height=\"1024\" class=\"aligncenter size-large wp-image-5966\" srcset=\"https:\/\/www.sodf.org.br\/wordpress\/wp-content\/uploads\/2022\/02\/Vacina-8-2-492x1024.jpg 492w, https:\/\/www.sodf.org.br\/wordpress\/wp-content\/uploads\/2022\/02\/Vacina-8-2-144x300.jpg 144w, https:\/\/www.sodf.org.br\/wordpress\/wp-content\/uploads\/2022\/02\/Vacina-8-2-202x420.jpg 202w, https:\/\/www.sodf.org.br\/wordpress\/wp-content\/uploads\/2022\/02\/Vacina-8-2.jpg 570w\" sizes=\"(max-width: 492px) 100vw, 492px\" \/><\/a><\/p>\n","protected":false},"excerpt":{"rendered":"<p>A vacina\u00e7\u00e3o contra Covid-19 continua nesta ter\u00e7a-feira (8\/2) no Distrito Federal. Os locais abrem das 7h \u00e0s 22h, para pessoas com 12 anos ou mais, e das 8h \u00e0s 17h, para crian\u00e7as a partir de 5 anos. Crian\u00e7as, jovens, adultos e idosos devem procurar os postos de vacina\u00e7\u00e3o Vale lembrar que crian\u00e7as com 5 anos [&hellip;]<\/p>\n","protected":false},"author":4,"featured_media":5967,"comment_status":"open","ping_status":"open","sticky":false,"template":"","format":"standard","meta":{"footnotes":""},"categories":[4],"tags":[],"class_list":["post-5965","post","type-post","status-publish","format-standard","has-post-thumbnail","hentry","category-noticias"],"post_mailing_queue_ids":[],"_links":{"self":[{"href":"https:\/\/www.sodf.org.br\/wordpress\/wp-json\/wp\/v2\/posts\/5965","targetHints":{"allow":["GET"]}}],"collection":[{"href":"https:\/\/www.sodf.org.br\/wordpress\/wp-json\/wp\/v2\/posts"}],"about":[{"href":"https:\/\/www.sodf.org.br\/wordpress\/wp-json\/wp\/v2\/types\/post"}],"author":[{"embeddable":true,"href":"https:\/\/www.sodf.org.br\/wordpress\/wp-json\/wp\/v2\/users\/4"}],"replies":[{"embeddable":true,"href":"https:\/\/www.sodf.org.br\/wordpress\/wp-json\/wp\/v2\/comments?post=5965"}],"version-history":[{"count":2,"href":"https:\/\/www.sodf.org.br\/wordpress\/wp-json\/wp\/v2\/posts\/5965\/revisions"}],"predecessor-version":[{"id":5969,"href":"https:\/\/www.sodf.org.br\/wordpress\/wp-json\/wp\/v2\/posts\/5965\/revisions\/5969"}],"wp:featuredmedia":[{"embeddable":true,"href":"https:\/\/www.sodf.org.br\/wordpress\/wp-json\/wp\/v2\/media\/5967"}],"wp:attachment":[{"href":"https:\/\/www.sodf.org.br\/wordpress\/wp-json\/wp\/v2\/media?parent=5965"}],"wp:term":[{"taxonomy":"category","embeddable":true,"href":"https:\/\/www.sodf.org.br\/wordpress\/wp-json\/wp\/v2\/categories?post=5965"},{"taxonomy":"post_tag","embeddable":true,"href":"https:\/\/www.sodf.org.br\/wordpress\/wp-json\/wp\/v2\/tags?post=5965"}],"curies":[{"name":"wp","href":"https:\/\/api.w.org\/{rel}","templated":true}]}}