{"id":5950,"date":"2022-02-07T07:29:56","date_gmt":"2022-02-07T10:29:56","guid":{"rendered":"http:\/\/www.sodf.org.br\/wordpress\/?p=5950"},"modified":"2022-02-07T07:29:56","modified_gmt":"2022-02-07T10:29:56","slug":"ministerio-da-saude-acredita-que-o-pior-da-omicron-ainda-esta-por-vir","status":"publish","type":"post","link":"https:\/\/www.sodf.org.br\/wordpress\/ministerio-da-saude-acredita-que-o-pior-da-omicron-ainda-esta-por-vir\/","title":{"rendered":"Minist\u00e9rio da Sa\u00fade acredita que o pior da \u00f4micron ainda est\u00e1 por vir"},"content":{"rendered":"<p>Dois meses ap\u00f3s o surgimento da variante \u00f4micron e da confirma\u00e7\u00e3o dos primeiros casos da cepa no Brasil, o pa\u00eds v\u00ea o m\u00eas de fevereiro chegar com o recorde de casos positivos relatados em um s\u00f3 dia e o registro de mortes por covid-19 voltar ao patamar dos milhares. Mesmo com quase 300 mil casos confirmados em um s\u00f3 dia, o Minist\u00e9rio da Sa\u00fade acredita que ainda n\u00e3o atingiu o pico da onda causada pela variante que j\u00e1 domina 95,9% das amostras sequenciadas.<br \/>\nA avalia\u00e7\u00e3o foi feita pelo ministro da Sa\u00fade, Marcelo Queiroga, neste s\u00e1bado. &#8220;Estou com a equipe do Minist\u00e9rio da Sa\u00fade analisando a \u00faltima semana epidemiol\u00f3gica do pa\u00eds. Tivemos aumento de casos causado pela covid-19, e ainda n\u00e3o chegamos no pico da onda causada pela \u00f4micron. O enfrentamento contra a doen\u00e7a continua&#8221;, disse, pelas redes sociais.<br \/>\nO infectologista do Hospital Bras\u00edlia\/Dasa Andr\u00e9 Bon explica que as estimativas do pico em uma nova onda do v\u00edrus s\u00e3o baseadas no comportamento da variante em outros pa\u00edses, mas tamb\u00e9m no aumento de casos no pr\u00f3prio pa\u00eds. No entanto, ele ressalta que o tamanho do Brasil pode fazer com que estados e cidades vivam essa alta m\u00e1xima em momentos distintos. &#8220;Como o Brasil \u00e9 muito grande, acontecem picos em diferentes cidades em momentos diferentes. Por exemplo, \u00e9 poss\u00edvel que Rio e S\u00e3o Paulo j\u00e1 tenham passado por momentos piores do que est\u00e3o passando agora. Bras\u00edlia talvez esteja atingindo seu pico&#8221;, explica.<br \/>\nExemplo citado pelo infectologista, o estado de S\u00e3o Paulo come\u00e7a a ver as novas interna\u00e7\u00f5es por covid-19 come\u00e7arem a cair desde o in\u00edcio de fevereiro. A m\u00e9dia m\u00f3vel de novas interna\u00e7\u00f5es pela doen\u00e7a no estado caiu 9,5% da \u00faltima semana de janeiro para a primeira deste m\u00eas. Essa m\u00e9dia estava em alta no estado desde 13 de dezembro, quando os casos da \u00f4micron come\u00e7aram a ser revelados no Brasil.<br \/>\nO professor de epidemiologia da Universidade de Bras\u00edlia (UnB) Mauro Sanchez tamb\u00e9m espera que a variante se comporte como em outros pa\u00edses, e, ap\u00f3s o pico, venha uma estabilidade dos casos. O m\u00e9dico tamb\u00e9m enfatiza, por\u00e9m, que o v\u00edrus se comporta diferente em cada regi\u00e3o. &#8220;A velocidade da queda que \u00e9 a grande quest\u00e3o, mas, provavelmente, no fim de mar\u00e7o a gente deve estar em n\u00edveis melhores&#8221;, prev\u00ea.<br \/>\nMesmo que a variante \u00f4micron cause infec\u00e7\u00f5es menos graves devido \u00e0 vacina\u00e7\u00e3o da maioria da popula\u00e7\u00e3o brasileira, os m\u00e9dicos apontam que essa incid\u00eancia muito alta de novos diagn\u00f3sticos ainda pressionar\u00e1 o sistema de sa\u00fade. Por isso, o infectologista do Hospital Bras\u00edlia\/Dasa alerta que os estados ainda poder\u00e3o observar a ocupa\u00e7\u00e3o hospitalar aumentar de maneira significativa. &#8220;Apesar dessa variante causar menos casos graves, um n\u00famero absurdo de infec\u00e7\u00f5es confirmadas se torna um n\u00famero razoavelmente grande de casos graves&#8221;, pontua.<br \/>\nMortalidade<br \/>\nOutra preocupa\u00e7\u00e3o de especialistas com a variante predominante no Brasil \u00e9 o aumento do n\u00famero de mortes que ainda ser\u00e1 visto. A previs\u00e3o \u00e9 de que os casos fatais pela covid-19 ainda cres\u00e7am no m\u00eas de fevereiro. Isso porque o plat\u00f4 dos \u00f3bitos acontece, normalmente, uma ou duas semanas ap\u00f3s o de casos. O progn\u00f3stico foi feito pelo m\u00e9dico infectologista da Funda\u00e7\u00e3o Oswaldo Cruz (Fiocruz) e ex-diretor do Departamento de Imuniza\u00e7\u00e3o e Doen\u00e7as Transmiss\u00edveis do Minist\u00e9rio da Sa\u00fade Julio Croda, nas redes sociais.<br \/>\n&#8220;Estaremos atingindo o plat\u00f4 de casos novos associado a \u00f4micron nesta semana. Geralmente o dos \u00f3bitos em uma ou duas semanas. Durante todo o m\u00eas de fevereiro ainda teremos muitos \u00f3bitos. M\u00e1scaras, distanciamento e vacinas s\u00e3o essenciais nesse momento&#8221;, ponderou. Com isso, a letalidade da doen\u00e7a deve aumentar no m\u00eas de fevereiro. &#8220;Geralmente, no come\u00e7o da onda, voc\u00ea tem um aumento de casos sem aumento de \u00f3bitos. Posteriormente na segunda parte da onda, voc\u00ea proporcionalmente tem mais \u00f3bitos que casos&#8221;, completou Croda.<br \/>\nPassado o pico de casos e mortes da nova onda provocada pela variante \u00f4micron, especialistas ponderam que a pandemia pode arrefecer. &#8220;A associa\u00e7\u00e3o de uma cobertura vacinal cada vez maior com uma cepa muito transmiss\u00edvel e menos grave pode levar a um arrefecimento da pandemia&#8221;, indica Bon.<br \/>\nMauro Sanchez explica que a esperan\u00e7a \u00e9 de melhoras nos n\u00edveis ap\u00f3s o pico da \u00f4micron, porque grande parte da popula\u00e7\u00e3o estar\u00e1 protegida com a vacina e com os anticorpos depois do pr\u00f3prio v\u00edrus. &#8220;A esperan\u00e7a \u00e9 que a imunidade da vacina combinada com a imunidade conferida pela infec\u00e7\u00e3o \u2014 a infec\u00e7\u00e3o vai ter acontecido numa propor\u00e7\u00e3o muito grande da popula\u00e7\u00e3o. O n\u00famero de casos reportados n\u00e3o representa nem de perto o que est\u00e1 acontecendo. Porque n\u00e3o h\u00e1 capacidade de testagem hoje para detectar todo mundo. At\u00e9 porque de 80% a 90% dos casos s\u00e3o assintom\u00e1ticos&#8221;, detalha o epidemiologista.<br \/>\nCronologia<br \/>\n2021<br \/>\n26 de novembro<br \/>\nOrganiza\u00e7\u00e3o Mundial da Sa\u00fade (OMS) declara a B.1.1.529 como uma &#8220;variante de preocupa\u00e7\u00e3o&#8221; e escolhe como nome &#8220;\u00f4micron&#8221;<br \/>\n30 de novembro<br \/>\nInstituto Adolfo Lutz confirma dois casos da variante \u00d4micron no Brasil. Os dois primeiros casos da \u00d4micron no Brasil s\u00e3o referentes a um homem de 41 anos e a uma mulher de 37 anos, que vieram da \u00c1frica do Sul<br \/>\n2 de dezembro<br \/>\nDiante dos casos confirmados e suspeitos da \u00f4micron no Brasil, o Minist\u00e9rio da Sa\u00fade ativa uma sala de situa\u00e7\u00e3o para monitorar as infec\u00e7\u00f5es e adotar medidas de preven\u00e7\u00e3o e controle<br \/>\n30 de dezembro<br \/>\nVariante \u00f4micron representa 31,7% dos casos confirmados da covid-19 no Brasil<br \/>\n2022<br \/>\n6 de janeiro<br \/>\nBrasil registra a primeira morte no Brasil pela variante \u00f4micron ap\u00f3s notifica\u00e7\u00e3o da Secretaria Municipal de Sa\u00fade de Aparecida de Goi\u00e2nia (GO)<br \/>\n27 de janeiro<br \/>\nO ministro da Sa\u00fade, Marcelo Queiroga, reconhece press\u00e3o no sistema de sa\u00fade causada pela nova variante e diz que a \u00f4micron n\u00e3o deve ser menosprezada. Das 27 unidades federativas, 6 estados e o Distrito Federal t\u00eam taxas de ocupa\u00e7\u00e3o de UTI covid-19 para adultos acima de 80%<br \/>\nQuinta-feira<br \/>\nBrasil registra 1.041 \u00f3bitos pela covid-19 e bate o recorde de casos positivos compilados em apenas um dia ao confirmar mais 298.408 infec\u00e7\u00f5es<br \/>\nSexta-feira<br \/>\nBrasil confirma tr\u00eas casos da linhagem BA.2 da variante \u00f4micron, que \u00e9 at\u00e9 33% mais transmiss\u00edvel do que a vers\u00e3o original BA.1<\/p>\n","protected":false},"excerpt":{"rendered":"<p>Dois meses ap\u00f3s o surgimento da variante \u00f4micron e da confirma\u00e7\u00e3o dos primeiros casos da cepa no Brasil, o pa\u00eds v\u00ea o m\u00eas de fevereiro chegar com o recorde de casos positivos relatados em um s\u00f3 dia e o registro de mortes por covid-19 voltar ao patamar dos milhares. Mesmo com quase 300 mil casos [&hellip;]<\/p>\n","protected":false},"author":4,"featured_media":5951,"comment_status":"open","ping_status":"open","sticky":false,"template":"","format":"standard","meta":{"footnotes":""},"categories":[4],"tags":[],"class_list":["post-5950","post","type-post","status-publish","format-standard","has-post-thumbnail","hentry","category-noticias"],"post_mailing_queue_ids":[],"_links":{"self":[{"href":"https:\/\/www.sodf.org.br\/wordpress\/wp-json\/wp\/v2\/posts\/5950","targetHints":{"allow":["GET"]}}],"collection":[{"href":"https:\/\/www.sodf.org.br\/wordpress\/wp-json\/wp\/v2\/posts"}],"about":[{"href":"https:\/\/www.sodf.org.br\/wordpress\/wp-json\/wp\/v2\/types\/post"}],"author":[{"embeddable":true,"href":"https:\/\/www.sodf.org.br\/wordpress\/wp-json\/wp\/v2\/users\/4"}],"replies":[{"embeddable":true,"href":"https:\/\/www.sodf.org.br\/wordpress\/wp-json\/wp\/v2\/comments?post=5950"}],"version-history":[{"count":1,"href":"https:\/\/www.sodf.org.br\/wordpress\/wp-json\/wp\/v2\/posts\/5950\/revisions"}],"predecessor-version":[{"id":5952,"href":"https:\/\/www.sodf.org.br\/wordpress\/wp-json\/wp\/v2\/posts\/5950\/revisions\/5952"}],"wp:featuredmedia":[{"embeddable":true,"href":"https:\/\/www.sodf.org.br\/wordpress\/wp-json\/wp\/v2\/media\/5951"}],"wp:attachment":[{"href":"https:\/\/www.sodf.org.br\/wordpress\/wp-json\/wp\/v2\/media?parent=5950"}],"wp:term":[{"taxonomy":"category","embeddable":true,"href":"https:\/\/www.sodf.org.br\/wordpress\/wp-json\/wp\/v2\/categories?post=5950"},{"taxonomy":"post_tag","embeddable":true,"href":"https:\/\/www.sodf.org.br\/wordpress\/wp-json\/wp\/v2\/tags?post=5950"}],"curies":[{"name":"wp","href":"https:\/\/api.w.org\/{rel}","templated":true}]}}