{"id":5947,"date":"2022-02-07T07:27:59","date_gmt":"2022-02-07T10:27:59","guid":{"rendered":"http:\/\/www.sodf.org.br\/wordpress\/?p=5947"},"modified":"2022-02-07T07:27:59","modified_gmt":"2022-02-07T10:27:59","slug":"saude-abre-selecao-para-contratacao-temporaria-de-100-medicos-no-df","status":"publish","type":"post","link":"https:\/\/www.sodf.org.br\/wordpress\/saude-abre-selecao-para-contratacao-temporaria-de-100-medicos-no-df\/","title":{"rendered":"Sa\u00fade abre sele\u00e7\u00e3o para contrata\u00e7\u00e3o tempor\u00e1ria de 100 m\u00e9dicos no DF"},"content":{"rendered":"<p>A Secretaria de Sa\u00fade do Distrito Federal (SES-DF) publicou, em edi\u00e7\u00e3o extra do Di\u00e1rio Oficial (DODF) nesta sexta-feira (4\/2), o edital para o processo seletivo simplificado emergencial que vai escolher 100 m\u00e9dicos para contrato tempor\u00e1rio na pasta.<br \/>\nAs inscri\u00e7\u00f5es no certame ocorrem a partir deste s\u00e1bado (5\/2) e seguem at\u00e9 a pr\u00f3xima quarta-feira (9\/2).<br \/>\nOs profissionais da sa\u00fade atuar\u00e3o no combate \u00e0 Covid-19 nas regi\u00f5es de sa\u00fade do DF, de acordo com a necessidade. A expectativa \u00e9 de que os m\u00e9dicos comecem a trabalhar no fim de fevereiro.<br \/>\n\u201c\u00c9 imediata\u201d, diz Ibaneis sobre a contrata\u00e7\u00e3o de 100 m\u00e9dicos para o DF<br \/>\n\u201c\u00c9 imediata\u201d, diz Ibaneis sobre a contrata\u00e7\u00e3o de 100 m\u00e9dicos para o DF<br \/>\nSa\u00fade vai contratar 100 novos leitos de UTI para pacientes com Covid<br \/>\nNo DF, 40% dos servidores da Sa\u00fade est\u00e3o afastados por doen\u00e7a<br \/>\nCom volta \u00e0s aulas, GDF ter\u00e1 mais pontos de vacina\u00e7\u00e3o para crian\u00e7as<br \/>\nA contrata\u00e7\u00e3o est\u00e1 amparada pela Lei n\u00ba 4.266, de 2008, alterada pela Lei n\u00ba 5.240, de 2013. Com carga hor\u00e1ria de 20h semanais e remunera\u00e7\u00e3o de R$ 6.327, os profissionais ser\u00e3o contratados por um ano, podendo ser prorrogado por mais um ano.<br \/>\nAs inscri\u00e7\u00f5es s\u00e3o feitas pelo site da Ceperj, e mais informa\u00e7\u00f5es podem ser obtidas no edital publicado no DODF.<\/p>\n","protected":false},"excerpt":{"rendered":"<p>A Secretaria de Sa\u00fade do Distrito Federal (SES-DF) publicou, em edi\u00e7\u00e3o extra do Di\u00e1rio Oficial (DODF) nesta sexta-feira (4\/2), o edital para o processo seletivo simplificado emergencial que vai escolher 100 m\u00e9dicos para contrato tempor\u00e1rio na pasta. As inscri\u00e7\u00f5es no certame ocorrem a partir deste s\u00e1bado (5\/2) e seguem at\u00e9 a pr\u00f3xima quarta-feira (9\/2). Os [&hellip;]<\/p>\n","protected":false},"author":4,"featured_media":5948,"comment_status":"open","ping_status":"open","sticky":false,"template":"","format":"standard","meta":{"footnotes":""},"categories":[4],"tags":[],"class_list":["post-5947","post","type-post","status-publish","format-standard","has-post-thumbnail","hentry","category-noticias"],"post_mailing_queue_ids":[],"_links":{"self":[{"href":"https:\/\/www.sodf.org.br\/wordpress\/wp-json\/wp\/v2\/posts\/5947","targetHints":{"allow":["GET"]}}],"collection":[{"href":"https:\/\/www.sodf.org.br\/wordpress\/wp-json\/wp\/v2\/posts"}],"about":[{"href":"https:\/\/www.sodf.org.br\/wordpress\/wp-json\/wp\/v2\/types\/post"}],"author":[{"embeddable":true,"href":"https:\/\/www.sodf.org.br\/wordpress\/wp-json\/wp\/v2\/users\/4"}],"replies":[{"embeddable":true,"href":"https:\/\/www.sodf.org.br\/wordpress\/wp-json\/wp\/v2\/comments?post=5947"}],"version-history":[{"count":1,"href":"https:\/\/www.sodf.org.br\/wordpress\/wp-json\/wp\/v2\/posts\/5947\/revisions"}],"predecessor-version":[{"id":5949,"href":"https:\/\/www.sodf.org.br\/wordpress\/wp-json\/wp\/v2\/posts\/5947\/revisions\/5949"}],"wp:featuredmedia":[{"embeddable":true,"href":"https:\/\/www.sodf.org.br\/wordpress\/wp-json\/wp\/v2\/media\/5948"}],"wp:attachment":[{"href":"https:\/\/www.sodf.org.br\/wordpress\/wp-json\/wp\/v2\/media?parent=5947"}],"wp:term":[{"taxonomy":"category","embeddable":true,"href":"https:\/\/www.sodf.org.br\/wordpress\/wp-json\/wp\/v2\/categories?post=5947"},{"taxonomy":"post_tag","embeddable":true,"href":"https:\/\/www.sodf.org.br\/wordpress\/wp-json\/wp\/v2\/tags?post=5947"}],"curies":[{"name":"wp","href":"https:\/\/api.w.org\/{rel}","templated":true}]}}